{"id":61750,"date":"2014-06-20T09:31:25","date_gmt":"2014-06-20T07:31:25","guid":{"rendered":"http:\/\/www.ifun.de\/?p=61750"},"modified":"2014-06-23T07:27:45","modified_gmt":"2014-06-23T05:27:45","slug":"reuters-apples-iwatch-kommt-im-oktober","status":"publish","type":"post","link":"https:\/\/www.ifun.de\/reuters-apples-iwatch-kommt-im-oktober-61750\/","title":{"rendered":"Reuters: Apples iWatch kommt im Oktober"},"content":{"rendered":"<p>Die Nachrichtenagentur <a href=\"http:\/\/www.cnbc.com\/id\/101774191\">Reuters<\/a> legt sich fest und nennt unter Berufung auf Zulieferer-Quellen nicht nur einen groben Termin f\u00fcr die Ver\u00f6ffentlichung der &#8222;iWatch&#8220;, sondern listet als erstes gro\u00dfes Medienhaus auch drei Produkt-Spezifikationen. <\/p>\n<p><a href=\"http:\/\/images.ifun.de\/wp-content\/uploads\/2014\/06\/50026.jpg\"><img loading=\"lazy\" decoding=\"async\" src=\"http:\/\/images.ifun.de\/wp-content\/uploads\/2014\/06\/50026.jpg\" alt=\"500\" width=\"500\" height=\"319\" class=\"aligncenter size-full wp-image-61194\" srcset=\"https:\/\/images.ifun.de\/wp-content\/uploads\/2014\/06\/50026.jpg 500w, https:\/\/images.ifun.de\/wp-content\/uploads\/2014\/06\/50026-300x191.jpg 300w\" sizes=\"auto, (max-width: 500px) 100vw, 500px\" \/><\/a><\/p>\n<h6>(Konzeptbild: <a href=\"http:\/\/www.shutterstock.com\/\">Shutterstock<\/a>)<\/h6>\n<p>So soll die Uhr mit einem (eher rechteckigen) 2,5&#8243;-Display ausgestattet sein, noch im Juli in die Massenfertigung gehen und nicht nur \u00fcber einen Touchscreen sondern auch \u00fcber eine drahtlose Lade-Option verf\u00fcgen. Der Verweis auf den Verkaufsstart im Oktober deckt sich mit <a href=\"http:\/\/www.ifun.de\/iwatch-apple-soll-im-oktober-erstes-wearable-device-praesentieren-61192\/\">\u00e4hnlichen Ger\u00fcchten<\/a> von Anfang Juni. <\/p>\n<p>Laut Reuters soll Taiwan Quanta Computer mit der Massenproduktion der iWatch beauftragt worden sein und daf\u00fcr Sorge tragen, dass Apple im ersten Jahr rund 50 Millionen Einheiten verkaufen k\u00f6nnen wird. <\/p>\n<blockquote><p>Apple will introduce a smartwatch with a display that likely measures 2.5 inches diagonally and is slightly rectangular, one of the sources said. The source added that the watch face will protrude slightly from the band, creating an arched shape, and will feature a touch interface and wireless charging capabilities.<\/p><\/blockquote>\n","protected":false},"excerpt":{"rendered":"<a href=\"https:\/\/www.ifun.de\/reuters-apples-iwatch-kommt-im-oktober-61750\/\"><img width=\"150\" height=\"150\" src=\"https:\/\/images.ifun.de\/wp-content\/uploads\/2014\/06\/iwatch_dribbble-150x150.jpg\" class=\"alignright tfe wp-post-image\" alt=\"\" decoding=\"async\" loading=\"lazy\" \/><\/a><p>Die Nachrichtenagentur Reuters legt sich fest und nennt unter Berufung auf Zulieferer-Quellen nicht nur einen groben Termin f\u00fcr die Ver\u00f6ffentlichung der &#8222;iWatch&#8220;, sondern listet als erstes gro\u00dfes Medienhaus auch drei Produkt-Spezifikationen. (Konzeptbild: Shutterstock) So soll die Uhr mit einem (eher rechteckigen) 2,5&#8243;-Display ausgestattet sein, noch im Juli in die Massenfertigung gehen und nicht nur \u00fcber [&hellip;]<\/p>\n","protected":false},"author":1,"featured_media":61752,"comment_status":"open","ping_status":"closed","sticky":false,"template":"","format":"standard","meta":{"_acf_changed":false,"footnotes":""},"categories":[18,1783],"tags":[3910,917,6322],"class_list":["post-61750","post","type-post","status-publish","format-standard","has-post-thumbnail","hentry","category-rumors","category-feature","tag-geruechte","tag-iwatch","tag-rumors"],"acf":[],"aioseo_notices":[],"featured_image":["http:\/\/images.ifun.de\/wp-content\/uploads\/2014\/06\/header33.jpg"],"rest_api_enabler":{"featured_image":"http:\/\/images.ifun.de\/wp-content\/uploads\/2014\/06\/header33.jpg"},"_links":{"self":[{"href":"https:\/\/www.ifun.de\/apiv2\/wp\/v2\/posts\/61750","targetHints":{"allow":["GET"]}}],"collection":[{"href":"https:\/\/www.ifun.de\/apiv2\/wp\/v2\/posts"}],"about":[{"href":"https:\/\/www.ifun.de\/apiv2\/wp\/v2\/types\/post"}],"author":[{"embeddable":true,"href":"https:\/\/www.ifun.de\/apiv2\/wp\/v2\/users\/1"}],"replies":[{"embeddable":true,"href":"https:\/\/www.ifun.de\/apiv2\/wp\/v2\/comments?post=61750"}],"version-history":[{"count":3,"href":"https:\/\/www.ifun.de\/apiv2\/wp\/v2\/posts\/61750\/revisions"}],"predecessor-version":[{"id":61754,"href":"https:\/\/www.ifun.de\/apiv2\/wp\/v2\/posts\/61750\/revisions\/61754"}],"wp:featuredmedia":[{"embeddable":true,"href":"https:\/\/www.ifun.de\/apiv2\/wp\/v2\/media\/61752"}],"wp:attachment":[{"href":"https:\/\/www.ifun.de\/apiv2\/wp\/v2\/media?parent=61750"}],"wp:term":[{"taxonomy":"category","embeddable":true,"href":"https:\/\/www.ifun.de\/apiv2\/wp\/v2\/categories?post=61750"},{"taxonomy":"post_tag","embeddable":true,"href":"https:\/\/www.ifun.de\/apiv2\/wp\/v2\/tags?post=61750"}],"curies":[{"name":"wp","href":"https:\/\/api.w.org\/{rel}","templated":true}]}}