{"id":61454,"date":"2014-06-15T17:49:46","date_gmt":"2014-06-15T15:49:46","guid":{"rendered":"http:\/\/www.ifun.de\/?p=61454"},"modified":"2014-06-15T17:49:46","modified_gmt":"2014-06-15T15:49:46","slug":"ios-8-sonderseite-zum-herbst-update","status":"publish","type":"post","link":"https:\/\/www.ifun.de\/ios-8-sonderseite-zum-herbst-update-61454\/","title":{"rendered":"iOS 8: Sonderseite zum Herbst-Update"},"content":{"rendered":"<p>Bis zur offiziellen Verf\u00fcgbarkeit des iOS-Updates auf Version 8 werden wohl noch gut drei Monate und mindestens vier weitere Vorabversionen ausgesessen werden m\u00fcssen. <\/p>\n<p><a href=\"http:\/\/images.ifun.de\/wp-content\/uploads\/2014\/06\/ios-bg.jpg\"><img loading=\"lazy\" decoding=\"async\" src=\"http:\/\/images.ifun.de\/wp-content\/uploads\/2014\/06\/ios-small.jpg\" alt=\"ios-small\" width=\"500\" height=\"249\" class=\"aligncenter size-full wp-image-61456\" srcset=\"https:\/\/images.ifun.de\/wp-content\/uploads\/2014\/06\/ios-small.jpg 500w, https:\/\/images.ifun.de\/wp-content\/uploads\/2014\/06\/ios-small-300x149.jpg 300w\" sizes=\"auto, (max-width: 500px) 100vw, 500px\" \/><\/a><\/p>\n<h6>Die iOS Beta-Phasen im \u00dcberblick<\/h6>\n<p>Orientiert sich Apples iOS-Team am Verlauf der letzten Beta-Phase, dann werden wir wohl schon am Montag mit &#8222;iOS 8 Beta 2&#8220; rechnen d\u00fcrfen und uns anschlie\u00dfend auf die Ausgabe frischer Updates im 14-Tage-Rhythmus einstellen d\u00fcrfen. <\/p>\n<p>Die Webseite <a href=\"http:\/\/www.thinkybits.com\/blog\/iOS-versions\/\">Thinkybits<\/a> hat die Beta-Phasen vergangener iOS-Aktualisierungen visualisiert und darf sowohl als Ged\u00e4chtnisst\u00fctze als auch f\u00fcr Prognosen herhalten. Wir werden euch w\u00e4hrend des Test-Zeitraums nat\u00fcrlich weiterhin mit gro\u00dfen und kleinen iOS-Fundst\u00fccken unterhalten &#8211; hier findet ihr <a href=\"http:\/\/www.iphone-ticker.de\/tag\/neu-in-ios-8\/\">alle News zu iOS 8<\/a> &#8211; und \u00fcber alle wichtigen Neuerungen des mobilen Betriebssystems informieren. Zur Wartezeit\u00fcberbr\u00fcckung k\u00f6nnen wir euch jetzt  auch den Abstecher auf <a href=\"http:\/\/www.apple.com\/de\/ios\/ios8\/\">Apples Sonderseite<\/a> zum &#8222;<em>fortschrittlichsten mobilen Betriebssystem der Welt<\/em>&#8220; empfehlen. <\/p>\n<p>Die im Rahmen der WWDC freigegebene Seite ist inzwischen auch in einer deutschen Version <a href=\"http:\/\/www.apple.com\/de\/ios\/ios8\">ins Netz gestellt<\/a> worden und listet die zu erwartenden Neurungen sowie die Kompatibilit\u00e4ts-\u00dcbersicht (ab iPad 2 und iPhone 4s) in einer \u00fcbersichtlichen Features-Aufz\u00e4hlung auf. <\/p>\n<p><a href=\"http:\/\/images.ifun.de\/wp-content\/uploads\/2014\/06\/design1.jpg\"><img loading=\"lazy\" decoding=\"async\" src=\"http:\/\/images.ifun.de\/wp-content\/uploads\/2014\/06\/design1.jpg\" alt=\"design\" width=\"700\" height=\"700\" class=\"aligncenter size-full wp-image-61458\" srcset=\"https:\/\/images.ifun.de\/wp-content\/uploads\/2014\/06\/design1.jpg 700w, https:\/\/images.ifun.de\/wp-content\/uploads\/2014\/06\/design1-150x150.jpg 150w, https:\/\/images.ifun.de\/wp-content\/uploads\/2014\/06\/design1-300x300.jpg 300w\" sizes=\"auto, (max-width: 700px) 100vw, 700px\" \/><\/a><\/p>\n<p>Apple schreibt:<\/p>\n<blockquote><p>Es sind die Details. Die Innovationen. Und das komplette Erlebnis. Dass du jedes Foto auf allen Ger\u00e4ten ansehen (und bearbeiten und verwalten) kannst. Dass du einer Textnachricht direkt deine Stimme hinzuf\u00fcgen kannst. Und dass deine Gesundheits- und Fitnessapps jetzt miteinander, mit deinem Trainer und sogar deinem Arzt kommunizieren.<\/p><\/blockquote>\n","protected":false},"excerpt":{"rendered":"<a href=\"https:\/\/www.ifun.de\/ios-8-sonderseite-zum-herbst-update-61454\/\"><img width=\"150\" height=\"150\" src=\"https:\/\/images.ifun.de\/wp-content\/uploads\/2014\/06\/design1-150x150.jpg\" class=\"alignright tfe wp-post-image\" alt=\"\" decoding=\"async\" loading=\"lazy\" srcset=\"https:\/\/images.ifun.de\/wp-content\/uploads\/2014\/06\/design1-150x150.jpg 150w, https:\/\/images.ifun.de\/wp-content\/uploads\/2014\/06\/design1-300x300.jpg 300w, https:\/\/images.ifun.de\/wp-content\/uploads\/2014\/06\/design1.jpg 700w\" sizes=\"auto, (max-width: 150px) 100vw, 150px\" \/><\/a><p>Bis zur offiziellen Verf\u00fcgbarkeit des iOS-Updates auf Version 8 werden wohl noch gut drei Monate und mindestens vier weitere Vorabversionen ausgesessen werden m\u00fcssen. Die iOS Beta-Phasen im \u00dcberblick Orientiert sich Apples iOS-Team am Verlauf der letzten Beta-Phase, dann werden wir wohl schon am Montag mit &#8222;iOS 8 Beta 2&#8220; rechnen d\u00fcrfen und uns anschlie\u00dfend auf [&hellip;]<\/p>\n","protected":false},"author":1,"featured_media":61458,"comment_status":"open","ping_status":"closed","sticky":false,"template":"","format":"standard","meta":{"_acf_changed":false,"footnotes":""},"categories":[9],"tags":[4736,4739,2387],"class_list":["post-61454","post","type-post","status-publish","format-standard","has-post-thumbnail","hentry","category-ios","tag-apple","tag-ios","tag-ios8"],"acf":[],"aioseo_notices":[],"featured_image":["http:\/\/images.ifun.de\/wp-content\/uploads\/2014\/06\/ios8-de.jpg"],"rest_api_enabler":{"featured_image":"http:\/\/images.ifun.de\/wp-content\/uploads\/2014\/06\/ios8-de.jpg"},"_links":{"self":[{"href":"https:\/\/www.ifun.de\/apiv2\/wp\/v2\/posts\/61454","targetHints":{"allow":["GET"]}}],"collection":[{"href":"https:\/\/www.ifun.de\/apiv2\/wp\/v2\/posts"}],"about":[{"href":"https:\/\/www.ifun.de\/apiv2\/wp\/v2\/types\/post"}],"author":[{"embeddable":true,"href":"https:\/\/www.ifun.de\/apiv2\/wp\/v2\/users\/1"}],"replies":[{"embeddable":true,"href":"https:\/\/www.ifun.de\/apiv2\/wp\/v2\/comments?post=61454"}],"version-history":[{"count":1,"href":"https:\/\/www.ifun.de\/apiv2\/wp\/v2\/posts\/61454\/revisions"}],"predecessor-version":[{"id":61459,"href":"https:\/\/www.ifun.de\/apiv2\/wp\/v2\/posts\/61454\/revisions\/61459"}],"wp:featuredmedia":[{"embeddable":true,"href":"https:\/\/www.ifun.de\/apiv2\/wp\/v2\/media\/61458"}],"wp:attachment":[{"href":"https:\/\/www.ifun.de\/apiv2\/wp\/v2\/media?parent=61454"}],"wp:term":[{"taxonomy":"category","embeddable":true,"href":"https:\/\/www.ifun.de\/apiv2\/wp\/v2\/categories?post=61454"},{"taxonomy":"post_tag","embeddable":true,"href":"https:\/\/www.ifun.de\/apiv2\/wp\/v2\/tags?post=61454"}],"curies":[{"name":"wp","href":"https:\/\/api.w.org\/{rel}","templated":true}]}}