{"id":61272,"date":"2014-06-11T09:38:09","date_gmt":"2014-06-11T07:38:09","guid":{"rendered":"http:\/\/www.ifun.de\/?p=61272"},"modified":"2014-06-11T10:33:27","modified_gmt":"2014-06-11T08:33:27","slug":"imac-ab-naechster-woche-schneller-und-guenstiger","status":"publish","type":"post","link":"https:\/\/www.ifun.de\/imac-ab-naechster-woche-schneller-und-guenstiger-61272\/","title":{"rendered":"iMac ab Dienstag schneller und g\u00fcnstiger?"},"content":{"rendered":"<p>Apple wird voraussichtlich n\u00e4chste Woche \u00fcberarbeitete iMac-Modelle auf den Markt bringen. Ein entsprechender Bericht der franz\u00f6sischen Webseite <a href=\"http:\/\/www.macg.co\/materiel\/2014\/06\/de-nouveaux-imac-attendus-la-semaine-prochaine-82559\">MacGeneration<\/a> bezieht sich auf die selben Quellen, die bereits im April die anstehende <a href=\"http:\/\/www.ifun.de\/macbook-air-jetzt-mit-schnellerem-prozessor-und-100-euro-guenstiger-59103\/\">\u00dcberarbeitung des MacBook Air<\/a> treffsicher <a href=\"http:\/\/www.ifun.de\/macbook-air-kalenderwoche-18-koennte-neue-modelle-bringen-58867\/\">vorausgesagt<\/a> haben.<\/p>\n<p><a href=\"http:\/\/images.ifun.de\/wp-content\/uploads\/2014\/06\/imac.jpg\"><img loading=\"lazy\" decoding=\"async\" src=\"http:\/\/images.ifun.de\/wp-content\/uploads\/2014\/06\/imac.jpg\" alt=\"imac\" width=\"500\" height=\"402\" class=\"aligncenter size-full wp-image-61072\" srcset=\"https:\/\/images.ifun.de\/wp-content\/uploads\/2014\/06\/imac.jpg 500w, https:\/\/images.ifun.de\/wp-content\/uploads\/2014\/06\/imac-300x241.jpg 300w\" sizes=\"auto, (max-width: 500px) 100vw, 500px\" \/><\/a><\/p>\n<p>Demnach soll der iMac schnellere Prozessoren verpasst bekommen, im Gespr\u00e4ch ist Intels aktuelle Haswell-Reihe mit 3, 3,3 und 3,5 GHz. Zudem soll der iMac dann m\u00f6glicherweise auch mit aktuellen Thunderbolt-2-Anschl\u00fcssen ausgestattet sein. Eine Preissenkung wie im April beim MacBook Air scheint ebenfalls m\u00f6glich. Momentan wird der iMac in je zwei <a href=\"http:\/\/ifun.de\/applestore\/http:\/\/store.apple.com\/de\/go\/imac\">Standardausf\u00fchrungen mit 21,5\u201c und 27\u201c Bildschirmgr\u00f6\u00dfe<\/a> angeboten, die Preise liegen derzeit zwischen 1299 und 1999 Euro. Als Update-Tag scheint der Dienstag wahrscheinlich, Apple hatte diesen Wochentag unl\u00e4ngst ja auch f\u00fcr die Aktualisierung des MacBook Air ausgew\u00e4hlt.<\/p>\n<p>Von einem <a href=\"http:\/\/www.ifun.de\/yosemite-beta-naehrt-geruechte-um-retina-imac-61069\/\">iMac mit Retina-Bildschirm<\/a> ist in diesem Zusammenhang aber nicht die Rede. Auf den All-in-one-Mac mit hochaufl\u00f6sendem Bildschirm werden zahlungswillige Kunden wohl noch ein Weilchen warten m\u00fcssen.<\/p>\n<h3>Aktuelle Ausstattung und Preise im Apple Store:<\/h3>\n<p><a href=\"http:\/\/images.ifun.de\/wp-content\/uploads\/2014\/06\/imac.gif\"><img loading=\"lazy\" decoding=\"async\" src=\"http:\/\/images.ifun.de\/wp-content\/uploads\/2014\/06\/imac.gif\" alt=\"iMac Ausstattung und Preise\" width=\"700\" height=\"424\" class=\"aligncenter size-full wp-image-61274\" \/><\/a><\/p>\n","protected":false},"excerpt":{"rendered":"<a href=\"https:\/\/www.ifun.de\/imac-ab-naechster-woche-schneller-und-guenstiger-61272\/\"><img width=\"150\" height=\"150\" src=\"https:\/\/images.ifun.de\/wp-content\/uploads\/2014\/06\/icon28.jpg\" class=\"alignright tfe wp-post-image\" alt=\"\" decoding=\"async\" loading=\"lazy\" \/><\/a><p>Apple wird voraussichtlich n\u00e4chste Woche \u00fcberarbeitete iMac-Modelle auf den Markt bringen. Ein entsprechender Bericht der franz\u00f6sischen Webseite MacGeneration bezieht sich auf die selben Quellen, die bereits im April die anstehende \u00dcberarbeitung des MacBook Air treffsicher vorausgesagt haben. Demnach soll der iMac schnellere Prozessoren verpasst bekommen, im Gespr\u00e4ch ist Intels aktuelle Haswell-Reihe mit 3, 3,3 und [&hellip;]<\/p>\n","protected":false},"author":2,"featured_media":61284,"comment_status":"open","ping_status":"closed","sticky":false,"template":"","format":"standard","meta":{"_acf_changed":false,"footnotes":""},"categories":[16,1783],"tags":[393,6321,524],"class_list":["post-61272","post","type-post","status-publish","format-standard","has-post-thumbnail","hentry","category-mac","category-feature","tag-imac","tag-mac","tag-retina"],"acf":[],"aioseo_notices":[],"featured_image":["http:\/\/images.ifun.de\/wp-content\/uploads\/2014\/06\/header26.jpg"],"rest_api_enabler":{"featured_image":"http:\/\/images.ifun.de\/wp-content\/uploads\/2014\/06\/header26.jpg"},"_links":{"self":[{"href":"https:\/\/www.ifun.de\/apiv2\/wp\/v2\/posts\/61272","targetHints":{"allow":["GET"]}}],"collection":[{"href":"https:\/\/www.ifun.de\/apiv2\/wp\/v2\/posts"}],"about":[{"href":"https:\/\/www.ifun.de\/apiv2\/wp\/v2\/types\/post"}],"author":[{"embeddable":true,"href":"https:\/\/www.ifun.de\/apiv2\/wp\/v2\/users\/2"}],"replies":[{"embeddable":true,"href":"https:\/\/www.ifun.de\/apiv2\/wp\/v2\/comments?post=61272"}],"version-history":[{"count":5,"href":"https:\/\/www.ifun.de\/apiv2\/wp\/v2\/posts\/61272\/revisions"}],"predecessor-version":[{"id":61278,"href":"https:\/\/www.ifun.de\/apiv2\/wp\/v2\/posts\/61272\/revisions\/61278"}],"wp:featuredmedia":[{"embeddable":true,"href":"https:\/\/www.ifun.de\/apiv2\/wp\/v2\/media\/61284"}],"wp:attachment":[{"href":"https:\/\/www.ifun.de\/apiv2\/wp\/v2\/media?parent=61272"}],"wp:term":[{"taxonomy":"category","embeddable":true,"href":"https:\/\/www.ifun.de\/apiv2\/wp\/v2\/categories?post=61272"},{"taxonomy":"post_tag","embeddable":true,"href":"https:\/\/www.ifun.de\/apiv2\/wp\/v2\/tags?post=61272"}],"curies":[{"name":"wp","href":"https:\/\/api.w.org\/{rel}","templated":true}]}}