{"id":61205,"date":"2014-06-10T07:17:02","date_gmt":"2014-06-10T05:17:02","guid":{"rendered":"http:\/\/www.ifun.de\/?p=61205"},"modified":"2014-06-10T07:17:19","modified_gmt":"2014-06-10T05:17:19","slug":"update-soll-akku-probleme-beim-macbook-air-2013-beheben","status":"publish","type":"post","link":"https:\/\/www.ifun.de\/update-soll-akku-probleme-beim-macbook-air-2013-beheben-61205\/","title":{"rendered":"Update behebt Akku-Probleme beim MacBook Air 2013"},"content":{"rendered":"<p>Mit dem <a href=\"http:\/\/support.apple.com\/kb\/DL1748?viewlocale=de_DE&amp;locale=de_DE\">SMC Update 2.0<\/a> will Apple Akkuproblemen beim MacBook Air entgegenwirken. Konkret soll ein Fehler behoben werden, aufgrund dessen die Notebooks im Ruhezustand unverh\u00e4ltnism\u00e4\u00dfig viel Akkuleistung aufgebraucht haben.<\/p>\n<p><a href=\"http:\/\/images.ifun.de\/wp-content\/uploads\/2014\/06\/50027.jpg\"><img loading=\"lazy\" decoding=\"async\" src=\"http:\/\/images.ifun.de\/wp-content\/uploads\/2014\/06\/50027.jpg\" alt=\"500\" width=\"500\" height=\"98\" class=\"aligncenter size-full wp-image-61206\" srcset=\"https:\/\/images.ifun.de\/wp-content\/uploads\/2014\/06\/50027.jpg 500w, https:\/\/images.ifun.de\/wp-content\/uploads\/2014\/06\/50027-300x58.jpg 300w\" sizes=\"auto, (max-width: 500px) 100vw, 500px\" \/><\/a><\/p>\n<p>Apple begrenzt diesen Fehler auf die Mitte 2013 ver\u00f6ffentlichte Generation des MacBook Air. Das fehlerbehebende Update f\u00fcr den System-Management-Controller (SMC) setzt OS X Mavericks 10.9.2 oder OS X Lion 10.8.5 voraus.<\/p>\n","protected":false},"excerpt":{"rendered":"<a href=\"https:\/\/www.ifun.de\/update-soll-akku-probleme-beim-macbook-air-2013-beheben-61205\/\"><img width=\"150\" height=\"150\" src=\"https:\/\/images.ifun.de\/wp-content\/uploads\/2014\/06\/icon19.jpg\" class=\"alignright tfe wp-post-image\" alt=\"\" decoding=\"async\" loading=\"lazy\" \/><\/a><p>Mit dem SMC Update 2.0 will Apple Akkuproblemen beim MacBook Air entgegenwirken. Konkret soll ein Fehler behoben werden, aufgrund dessen die Notebooks im Ruhezustand unverh\u00e4ltnism\u00e4\u00dfig viel Akkuleistung aufgebraucht haben. Apple begrenzt diesen Fehler auf die Mitte 2013 ver\u00f6ffentlichte Generation des MacBook Air. Das fehlerbehebende Update f\u00fcr den System-Management-Controller (SMC) setzt OS X Mavericks 10.9.2 oder [&hellip;]<\/p>\n","protected":false},"author":2,"featured_media":61208,"comment_status":"open","ping_status":"closed","sticky":false,"template":"","format":"standard","meta":{"_acf_changed":false,"footnotes":""},"categories":[16],"tags":[137,344,69],"class_list":["post-61205","post","type-post","status-publish","format-standard","has-post-thumbnail","hentry","category-mac","tag-akku","tag-macbook-air","tag-update"],"acf":[],"aioseo_notices":[],"featured_image":["http:\/\/images.ifun.de\/wp-content\/uploads\/2014\/06\/header34.jpg"],"rest_api_enabler":{"featured_image":"http:\/\/images.ifun.de\/wp-content\/uploads\/2014\/06\/header34.jpg"},"_links":{"self":[{"href":"https:\/\/www.ifun.de\/apiv2\/wp\/v2\/posts\/61205","targetHints":{"allow":["GET"]}}],"collection":[{"href":"https:\/\/www.ifun.de\/apiv2\/wp\/v2\/posts"}],"about":[{"href":"https:\/\/www.ifun.de\/apiv2\/wp\/v2\/types\/post"}],"author":[{"embeddable":true,"href":"https:\/\/www.ifun.de\/apiv2\/wp\/v2\/users\/2"}],"replies":[{"embeddable":true,"href":"https:\/\/www.ifun.de\/apiv2\/wp\/v2\/comments?post=61205"}],"version-history":[{"count":2,"href":"https:\/\/www.ifun.de\/apiv2\/wp\/v2\/posts\/61205\/revisions"}],"predecessor-version":[{"id":61210,"href":"https:\/\/www.ifun.de\/apiv2\/wp\/v2\/posts\/61205\/revisions\/61210"}],"wp:featuredmedia":[{"embeddable":true,"href":"https:\/\/www.ifun.de\/apiv2\/wp\/v2\/media\/61208"}],"wp:attachment":[{"href":"https:\/\/www.ifun.de\/apiv2\/wp\/v2\/media?parent=61205"}],"wp:term":[{"taxonomy":"category","embeddable":true,"href":"https:\/\/www.ifun.de\/apiv2\/wp\/v2\/categories?post=61205"},{"taxonomy":"post_tag","embeddable":true,"href":"https:\/\/www.ifun.de\/apiv2\/wp\/v2\/tags?post=61205"}],"curies":[{"name":"wp","href":"https:\/\/api.w.org\/{rel}","templated":true}]}}