{"id":61192,"date":"2014-06-06T20:15:56","date_gmt":"2014-06-06T18:15:56","guid":{"rendered":"http:\/\/www.ifun.de\/?p=61192"},"modified":"2014-06-10T07:37:50","modified_gmt":"2014-06-10T05:37:50","slug":"iwatch-apple-soll-im-oktober-erstes-wearable-device-praesentieren","status":"publish","type":"post","link":"https:\/\/www.ifun.de\/iwatch-apple-soll-im-oktober-erstes-wearable-device-praesentieren-61192\/","title":{"rendered":"iWatch: Apple soll im Oktober erstes Wearable Device pr\u00e4sentieren"},"content":{"rendered":"<p>Apple will offenbar im Oktober das erste Hardware-Produkt im Bereich \u201eWearable Electronics\u201c vorstellen. Bei dem weithin als iWatch bezeichneten Produkt muss es sich allerdings nicht zwangsl\u00e4ufig um eine \u201eintelligente Armbanduhr\u201c, denkbar ist auch ein verwandtes Ger\u00e4t, beispielsweise in der Kategorie Fitness-Armb\u00e4nder.<\/p>\n<p><a href=\"http:\/\/images.ifun.de\/wp-content\/uploads\/2014\/06\/50026.jpg\"><img loading=\"lazy\" decoding=\"async\" src=\"http:\/\/images.ifun.de\/wp-content\/uploads\/2014\/06\/50026.jpg\" alt=\"500\" width=\"500\" height=\"319\" class=\"aligncenter size-full wp-image-61194\" srcset=\"https:\/\/images.ifun.de\/wp-content\/uploads\/2014\/06\/50026.jpg 500w, https:\/\/images.ifun.de\/wp-content\/uploads\/2014\/06\/50026-300x191.jpg 300w\" sizes=\"auto, (max-width: 500px) 100vw, 500px\" \/><\/a><\/p>\n<h6>(Konzeptbild: <a href=\"http:\/\/www.shutterstock.com\/\">Shutterstock<\/a>)<\/h6>\n<p>Der Oktober-Termin stammt aus der Feder der gew\u00f6hnlich ausgesprochen gut informierten Technik-Webseite <a href=\"http:\/\/recode.net\/2014\/06\/06\/codered-yes-apples-first-wearable-device-is-slated-for-october\/\">Re\/code<\/a>. Unter anderem zeichnet dort der ehemals beim Wall Street Journal t\u00e4tige und mit hervorragenden Verbindungen ausgestattete Journalist Walt Mossberg verantwortlich. Dem Re\/code-Bericht zu Folge wollen \u201emit der Angelegenheit vertraute\u201c Personen wissen, dass Apple darauf hoffe, den Oktobertermin halten zu k\u00f6nnen. Das neue Produkt soll perfekt mit dem auf der Entwicklerkonferenz WWDC vorgestellten <a href=\"http:\/\/www.apple.com\/ios\/ios8\/health\/\">HealthKit<\/a> (ehemals Healthbook genannt) zusammenarbeiten.<\/p>\n<p>Gestern erst hat der Wirtschaftsinformationsdienst <a href=\"http:\/\/asia.nikkei.com\/Business\/Trends\/Apple-flexes-healthcare-muscles-with-new-wearable-device\">Nikkei<\/a> einen \u00e4hnlichen Zeitplan ins Rennen geworfen und dar\u00fcber hinaus berichtet, dass Apple das Projekt sehr zuversichtlich angehe und mit St\u00fcckzahlen von 3 bis 5 Millionen Ger\u00e4ten monatlich plane. Der heutige Re\/code-Bericht verleiht dem Ganzen deutlich mehr Gewicht.<\/p>\n","protected":false},"excerpt":{"rendered":"<a href=\"https:\/\/www.ifun.de\/iwatch-apple-soll-im-oktober-erstes-wearable-device-praesentieren-61192\/\"><img width=\"150\" height=\"150\" src=\"https:\/\/images.ifun.de\/wp-content\/uploads\/2014\/06\/header33-150x150.jpg\" class=\"alignright tfe wp-post-image\" alt=\"\" decoding=\"async\" loading=\"lazy\" \/><\/a><p>Apple will offenbar im Oktober das erste Hardware-Produkt im Bereich \u201eWearable Electronics\u201c vorstellen. Bei dem weithin als iWatch bezeichneten Produkt muss es sich allerdings nicht zwangsl\u00e4ufig um eine \u201eintelligente Armbanduhr\u201c, denkbar ist auch ein verwandtes Ger\u00e4t, beispielsweise in der Kategorie Fitness-Armb\u00e4nder. (Konzeptbild: Shutterstock) Der Oktober-Termin stammt aus der Feder der gew\u00f6hnlich ausgesprochen gut informierten Technik-Webseite [&hellip;]<\/p>\n","protected":false},"author":2,"featured_media":61195,"comment_status":"open","ping_status":"closed","sticky":false,"template":"","format":"standard","meta":{"_acf_changed":false,"footnotes":""},"categories":[18,1783],"tags":[186,3910,185,917],"class_list":["post-61192","post","type-post","status-publish","format-standard","has-post-thumbnail","hentry","category-rumors","category-feature","tag-fitness","tag-geruechte","tag-gesundheit","tag-iwatch"],"acf":[],"aioseo_notices":[],"featured_image":["http:\/\/images.ifun.de\/wp-content\/uploads\/2014\/06\/header33.jpg"],"rest_api_enabler":{"featured_image":"http:\/\/images.ifun.de\/wp-content\/uploads\/2014\/06\/header33.jpg"},"_links":{"self":[{"href":"https:\/\/www.ifun.de\/apiv2\/wp\/v2\/posts\/61192","targetHints":{"allow":["GET"]}}],"collection":[{"href":"https:\/\/www.ifun.de\/apiv2\/wp\/v2\/posts"}],"about":[{"href":"https:\/\/www.ifun.de\/apiv2\/wp\/v2\/types\/post"}],"author":[{"embeddable":true,"href":"https:\/\/www.ifun.de\/apiv2\/wp\/v2\/users\/2"}],"replies":[{"embeddable":true,"href":"https:\/\/www.ifun.de\/apiv2\/wp\/v2\/comments?post=61192"}],"version-history":[{"count":4,"href":"https:\/\/www.ifun.de\/apiv2\/wp\/v2\/posts\/61192\/revisions"}],"predecessor-version":[{"id":61198,"href":"https:\/\/www.ifun.de\/apiv2\/wp\/v2\/posts\/61192\/revisions\/61198"}],"wp:featuredmedia":[{"embeddable":true,"href":"https:\/\/www.ifun.de\/apiv2\/wp\/v2\/media\/61195"}],"wp:attachment":[{"href":"https:\/\/www.ifun.de\/apiv2\/wp\/v2\/media?parent=61192"}],"wp:term":[{"taxonomy":"category","embeddable":true,"href":"https:\/\/www.ifun.de\/apiv2\/wp\/v2\/categories?post=61192"},{"taxonomy":"post_tag","embeddable":true,"href":"https:\/\/www.ifun.de\/apiv2\/wp\/v2\/tags?post=61192"}],"curies":[{"name":"wp","href":"https:\/\/api.w.org\/{rel}","templated":true}]}}