{"id":60858,"date":"2014-06-02T12:08:31","date_gmt":"2014-06-02T10:08:31","guid":{"rendered":"http:\/\/www.ifun.de\/?p=60858"},"modified":"2014-06-02T22:08:13","modified_gmt":"2014-06-02T20:08:13","slug":"apple-keynote-livestream-auf-apple-tv-mac-iphone-und-ipad","status":"publish","type":"post","link":"https:\/\/www.ifun.de\/apple-keynote-livestream-auf-apple-tv-mac-iphone-und-ipad-60858\/","title":{"rendered":"Keynote-Livestream auf Apple TV, Mac, iPhone und iPad"},"content":{"rendered":"<p>Apple wird die Er\u00f6ffnungsveranstaltung zur Entwicklerkonferenz WWDC heute Abend per Live-Stream auf Apple TV und iOS-Ger\u00e4te \u00fcbertragen (<a href=\"http:\/\/www.iphone-ticker.de\/wwdc-2014-keynote-am-montag-per-livestream-66467\/\">wir berichteten<\/a>). Im Hauptmen\u00fc von Apple TV befindet sich nun auch der zugeh\u00f6rige Eintrag. Von 19 Uhr an k\u00f6nnt ihr dar\u00fcber die voraussichtlich gut 90 Minuten dauernde Veranstaltung in HD-Qualit\u00e4t bequem vom Sofa aus verfolgen.<\/p>\n<p><a href=\"http:\/\/images.ifun.de\/wp-content\/uploads\/2014\/06\/live.jpg\"><img loading=\"lazy\" decoding=\"async\" src=\"http:\/\/images.ifun.de\/wp-content\/uploads\/2014\/06\/live.jpg\" alt=\"live\" width=\"500\" height=\"301\" class=\"aligncenter size-full wp-image-60866\" srcset=\"https:\/\/images.ifun.de\/wp-content\/uploads\/2014\/06\/live.jpg 500w, https:\/\/images.ifun.de\/wp-content\/uploads\/2014\/06\/live-300x180.jpg 300w\" sizes=\"auto, (max-width: 500px) 100vw, 500px\" \/><\/a><\/p>\n<p>Voraussetzung f\u00fcr den Empfang auf Apple TV ist die kleine Set-Top-Box in der zweiten oder dritten Generation. Alternativ bietet Apple Benutzern eines Mac oder iOS-Ger\u00e4ts die M\u00f6glichkeit, die Veranstaltung \u00fcber die <a href=\"https:\/\/www.apple.com\/apple-events\/june-2014\/\">Keynote-Livestream-Webseite<\/a> mitzuverfolgen. Voraussetzung f\u00fcr den Videoabruf hier ist ein Mac mit OS X 10.6 und Safari 4 oder h\u00f6her, iPhone- oder iPad-Nutzer ben\u00f6tigen Safari auf iOS 4.2 oder h\u00f6her.<\/p>\n<p>Wir verzichten in Anbetracht der sicherlich spannenderen M\u00f6glichkeit, die Keynote im Video zu verfolgen, heute auf einen Live-Ticker. Statt dessen werden wir euch jeweils direkt zeitnah auf unseren regul\u00e4ren Webseiten sowie per Push-Nachricht \u00fcber die <a rel=\"noindex, nofollow\" href=\"http:\/\/www.ifun.de\/app\/369902977\">ifun News-App<\/a> \u00fcber alle Ank\u00fcndigungen und Neuvorstellungen informieren.<\/p>\n","protected":false},"excerpt":{"rendered":"<a href=\"https:\/\/www.ifun.de\/apple-keynote-livestream-auf-apple-tv-mac-iphone-und-ipad-60858\/\"><img width=\"150\" height=\"150\" src=\"https:\/\/images.ifun.de\/wp-content\/uploads\/2014\/06\/icon.jpg\" class=\"alignright tfe wp-post-image\" alt=\"\" decoding=\"async\" loading=\"lazy\" \/><\/a><p>Apple wird die Er\u00f6ffnungsveranstaltung zur Entwicklerkonferenz WWDC heute Abend per Live-Stream auf Apple TV und iOS-Ger\u00e4te \u00fcbertragen (wir berichteten). Im Hauptmen\u00fc von Apple TV befindet sich nun auch der zugeh\u00f6rige Eintrag. Von 19 Uhr an k\u00f6nnt ihr dar\u00fcber die voraussichtlich gut 90 Minuten dauernde Veranstaltung in HD-Qualit\u00e4t bequem vom Sofa aus verfolgen. Voraussetzung f\u00fcr den [&hellip;]<\/p>\n","protected":false},"author":2,"featured_media":60867,"comment_status":"open","ping_status":"closed","sticky":false,"template":"","format":"standard","meta":{"_acf_changed":false,"footnotes":""},"categories":[4],"tags":[26,342,60,31],"class_list":["post-60858","post","type-post","status-publish","format-standard","has-post-thumbnail","hentry","category-appletv","tag-apple-tv","tag-keynote","tag-streaming","tag-video"],"acf":[],"aioseo_notices":[],"featured_image":["http:\/\/images.ifun.de\/wp-content\/uploads\/2014\/06\/header3.jpg"],"subheadline":["Alles vorbereitet:"],"rest_api_enabler":{"featured_image":"http:\/\/images.ifun.de\/wp-content\/uploads\/2014\/06\/header3.jpg","subheadline":"Alles vorbereitet:"},"_links":{"self":[{"href":"https:\/\/www.ifun.de\/apiv2\/wp\/v2\/posts\/60858","targetHints":{"allow":["GET"]}}],"collection":[{"href":"https:\/\/www.ifun.de\/apiv2\/wp\/v2\/posts"}],"about":[{"href":"https:\/\/www.ifun.de\/apiv2\/wp\/v2\/types\/post"}],"author":[{"embeddable":true,"href":"https:\/\/www.ifun.de\/apiv2\/wp\/v2\/users\/2"}],"replies":[{"embeddable":true,"href":"https:\/\/www.ifun.de\/apiv2\/wp\/v2\/comments?post=60858"}],"version-history":[{"count":7,"href":"https:\/\/www.ifun.de\/apiv2\/wp\/v2\/posts\/60858\/revisions"}],"predecessor-version":[{"id":60869,"href":"https:\/\/www.ifun.de\/apiv2\/wp\/v2\/posts\/60858\/revisions\/60869"}],"wp:featuredmedia":[{"embeddable":true,"href":"https:\/\/www.ifun.de\/apiv2\/wp\/v2\/media\/60867"}],"wp:attachment":[{"href":"https:\/\/www.ifun.de\/apiv2\/wp\/v2\/media?parent=60858"}],"wp:term":[{"taxonomy":"category","embeddable":true,"href":"https:\/\/www.ifun.de\/apiv2\/wp\/v2\/categories?post=60858"},{"taxonomy":"post_tag","embeddable":true,"href":"https:\/\/www.ifun.de\/apiv2\/wp\/v2\/tags?post=60858"}],"curies":[{"name":"wp","href":"https:\/\/api.w.org\/{rel}","templated":true}]}}