{"id":60850,"date":"2014-06-02T10:40:44","date_gmt":"2014-06-02T08:40:44","guid":{"rendered":"http:\/\/www.ifun.de\/?p=60850"},"modified":"2014-06-02T10:45:28","modified_gmt":"2014-06-02T08:45:28","slug":"os-x-10-10-yosemite-fotos-design","status":"publish","type":"post","link":"https:\/\/www.ifun.de\/os-x-10-10-yosemite-fotos-design-60850\/","title":{"rendered":"Unscharfe Fotos zeigen wohl die n\u00e4chste OS-X-Generation"},"content":{"rendered":"<p>F\u00fcr alle, die nicht mehr bis heute Abend warten wollen: Die unten eingebetteten Fotos zeigen aller Voraussicht nach, was uns mit der n\u00e4chsten Generation von OS X erwartet. Demnach orientiert sich die Benutzeroberfl\u00e4che des Mac-Betriebssystems zuk\u00fcnftig stark daran, an was wir uns seit letztem Herbst auf den iOS-Ger\u00e4ten gew\u00f6hnt haben. \u201eFlaches\u201c Design und transparente Fl\u00e4chen sowie der Verzicht auf den von Apples Designchef Jony Ive wenig geliebten Skeuomorphismus, die Nachahmung von vertrauten Formen und Gegenst\u00e4nden als Orientierungs- und Bedienhilfe.<\/p>\n<p>W\u00e4hrend einzelne Bereiche wie beispielsweise die auf dem zweiten Bild dargestellte Nachrichtenzentrale durchaus angenehm und auch \u00fcbersichtlicher wirken als bisher, darf man die gro\u00dfen Wei\u00dffl\u00e4chen auf dem Bildschirm durchaus kritisch sehen. Die dadurch h\u00f6heren Kontrastwerte sind nicht unbedingt augenfreundlich und ich solltet euch vielleicht schon mit der Position des Reglers f\u00fcr die Bildschirmhelligkeit vertraut machen.<\/p>\n<p>Nat\u00fcrlich ist die Echtheit der Fotos nicht best\u00e4tigt. Die Tatsache jedoch, dass die Bilder schon kurze Zeit nach ihrem Bekanntwerden sowohl von der <a href=\"http:\/\/imgur.com\/a\/52N78\">Originalquelle<\/a> als auch von der urspr\u00fcnglich dar\u00fcber berichtenden Webseite <a href=\"http:\/\/www.macrumors.com\/2014\/06\/02\/alleged-os-x-10-10-photos\/\">Mac Rumors<\/a> gel\u00f6scht wurden spricht allerdings durchaus daf\u00fcr, dass wir hier tats\u00e4chlich einen kleinen Vorgeschmack auf OS X 10.10 bekommen.<\/p>\n<p>Hinweis: Die Bilder stammen offenbar vom 24. M\u00e4rz, somit ist davon auszugehen, dass sich das Design (sofern authentisch) noch deutlich weiterentwickelt hat, insbesondere die Symbole der diversen Apple-Anwendungen im Dock d\u00fcrften jetzt allesamt \u00fcberarbeitet und angepasst sein.<\/p>\n<p><a href=\"http:\/\/images.ifun.de\/wp-content\/uploads\/2014\/06\/osx-10-10-1.jpg\"><img loading=\"lazy\" decoding=\"async\" src=\"http:\/\/images.ifun.de\/wp-content\/uploads\/2014\/06\/osx-10-10-1.jpg\" alt=\"osx-10-10-1\" width=\"700\" height=\"457\" class=\"aligncenter size-full wp-image-60852\" srcset=\"https:\/\/images.ifun.de\/wp-content\/uploads\/2014\/06\/osx-10-10-1.jpg 700w, https:\/\/images.ifun.de\/wp-content\/uploads\/2014\/06\/osx-10-10-1-300x195.jpg 300w\" sizes=\"auto, (max-width: 700px) 100vw, 700px\" \/><\/a><\/p>\n<p><a href=\"http:\/\/images.ifun.de\/wp-content\/uploads\/2014\/06\/osx-10-10-2.jpg\"><img loading=\"lazy\" decoding=\"async\" src=\"http:\/\/images.ifun.de\/wp-content\/uploads\/2014\/06\/osx-10-10-2.jpg\" alt=\"osx-10-10-2\" width=\"700\" height=\"457\" class=\"aligncenter size-full wp-image-60853\" srcset=\"https:\/\/images.ifun.de\/wp-content\/uploads\/2014\/06\/osx-10-10-2.jpg 700w, https:\/\/images.ifun.de\/wp-content\/uploads\/2014\/06\/osx-10-10-2-300x195.jpg 300w\" sizes=\"auto, (max-width: 700px) 100vw, 700px\" \/><\/a><\/p>\n","protected":false},"excerpt":{"rendered":"<a href=\"https:\/\/www.ifun.de\/os-x-10-10-yosemite-fotos-design-60850\/\"><img width=\"150\" height=\"150\" src=\"https:\/\/images.ifun.de\/wp-content\/uploads\/2014\/06\/osx-10-10-2-150x150.jpg\" class=\"alignright tfe wp-post-image\" alt=\"\" decoding=\"async\" loading=\"lazy\" \/><\/a><p>F\u00fcr alle, die nicht mehr bis heute Abend warten wollen: Die unten eingebetteten Fotos zeigen aller Voraussicht nach, was uns mit der n\u00e4chsten Generation von OS X erwartet. Demnach orientiert sich die Benutzeroberfl\u00e4che des Mac-Betriebssystems zuk\u00fcnftig stark daran, an was wir uns seit letztem Herbst auf den iOS-Ger\u00e4ten gew\u00f6hnt haben. \u201eFlaches\u201c Design und transparente Fl\u00e4chen [&hellip;]<\/p>\n","protected":false},"author":2,"featured_media":60853,"comment_status":"open","ping_status":"closed","sticky":false,"template":"","format":"standard","meta":{"_acf_changed":false,"footnotes":""},"categories":[16],"tags":[2363,6321,293],"class_list":["post-60850","post","type-post","status-publish","format-standard","has-post-thumbnail","hentry","category-mac","tag-10-10","tag-mac","tag-os-x"],"acf":[],"aioseo_notices":[],"featured_image":["http:\/\/images.ifun.de\/wp-content\/uploads\/2014\/06\/header2.jpg"],"rest_api_enabler":{"featured_image":"http:\/\/images.ifun.de\/wp-content\/uploads\/2014\/06\/header2.jpg"},"_links":{"self":[{"href":"https:\/\/www.ifun.de\/apiv2\/wp\/v2\/posts\/60850","targetHints":{"allow":["GET"]}}],"collection":[{"href":"https:\/\/www.ifun.de\/apiv2\/wp\/v2\/posts"}],"about":[{"href":"https:\/\/www.ifun.de\/apiv2\/wp\/v2\/types\/post"}],"author":[{"embeddable":true,"href":"https:\/\/www.ifun.de\/apiv2\/wp\/v2\/users\/2"}],"replies":[{"embeddable":true,"href":"https:\/\/www.ifun.de\/apiv2\/wp\/v2\/comments?post=60850"}],"version-history":[{"count":4,"href":"https:\/\/www.ifun.de\/apiv2\/wp\/v2\/posts\/60850\/revisions"}],"predecessor-version":[{"id":60857,"href":"https:\/\/www.ifun.de\/apiv2\/wp\/v2\/posts\/60850\/revisions\/60857"}],"wp:featuredmedia":[{"embeddable":true,"href":"https:\/\/www.ifun.de\/apiv2\/wp\/v2\/media\/60853"}],"wp:attachment":[{"href":"https:\/\/www.ifun.de\/apiv2\/wp\/v2\/media?parent=60850"}],"wp:term":[{"taxonomy":"category","embeddable":true,"href":"https:\/\/www.ifun.de\/apiv2\/wp\/v2\/categories?post=60850"},{"taxonomy":"post_tag","embeddable":true,"href":"https:\/\/www.ifun.de\/apiv2\/wp\/v2\/tags?post=60850"}],"curies":[{"name":"wp","href":"https:\/\/api.w.org\/{rel}","templated":true}]}}