{"id":60477,"date":"2014-05-26T07:39:23","date_gmt":"2014-05-26T05:39:23","guid":{"rendered":"http:\/\/www.ifun.de\/?p=60477"},"modified":"2014-05-26T07:39:23","modified_gmt":"2014-05-26T05:39:23","slug":"was-wird-dein-vers-sein-zwei-neue-ipad-werbespots","status":"publish","type":"post","link":"https:\/\/www.ifun.de\/was-wird-dein-vers-sein-zwei-neue-ipad-werbespots-60477\/","title":{"rendered":"Was wird dein Vers sein? Zwei neue iPad-Werbespots"},"content":{"rendered":"<p>Apple startet mit zwei neuen iPad-Werbespots in die Woche. Die beiden Filme aus der Reihe \u201e<a href=\"http:\/\/www.ifun.de\/your-verse-anthem-neuer-ipad-werbespot-gibt-sich-poetisch-53077\/\">Was wird dein Vers sein?<\/a>\u201c begleiten die auf Apple.com ver\u00f6ffentlichten Geschichten der Autorin <a href=\"http:\/\/www.apple.com\/your-verse\/exploring-without-limits\/\">Ch\u00e9rie King<\/a> und des Komponisten <a href=\"http:\/\/www.apple.com\/your-verse\/orchestrating-sound\/\">Esa-Pekka Salonen<\/a>.<\/p>\n<p><a href=\"http:\/\/images.ifun.de\/wp-content\/uploads\/2014\/05\/50069.jpg\"><img loading=\"lazy\" decoding=\"async\" src=\"http:\/\/images.ifun.de\/wp-content\/uploads\/2014\/05\/50069.jpg\" alt=\"500\" width=\"500\" height=\"275\" class=\"aligncenter size-full wp-image-60478\" srcset=\"https:\/\/images.ifun.de\/wp-content\/uploads\/2014\/05\/50069.jpg 500w, https:\/\/images.ifun.de\/wp-content\/uploads\/2014\/05\/50069-300x165.jpg 300w\" sizes=\"auto, (max-width: 500px) 100vw, 500px\" \/><\/a><\/p>\n<p>Mit den \u201eDein Vers\u201c-Geschichten dokumentiert Apple seit Jahresbeginn in regelm\u00e4\u00dfigen Abst\u00e4nden Anwender, die das iPad f\u00fcr au\u00dfergew\u00f6hnliche Zwecke oder im Rahmen eindrucksvoller T\u00e4tigkeiten nutzen. Ein Teil der Beitr\u00e4ge wurde bereits \u00fcbersetzt und auch auf der <a href=\"http:\/\/www.apple.com\/de\/your-verse\/\">deutschen Apple-Webseite<\/a> ver\u00f6ffentlicht.<\/p>\n<h2>Ch\u00e9rie&#8217;s Verse<\/h2>\n<p><div class=\"responsive-video\"><iframe loading=\"lazy\" width=\"700\" height=\"394\" src=\"\/\/www.youtube-nocookie.com\/embed\/FbXYqHke9n8?rel=0\" frameborder=\"0\" allowfullscreen><\/iframe><\/div><\/p>\n<h2>Esa-Pekka&#8217;s Verse<\/h2>\n<p><div class=\"responsive-video\"><iframe loading=\"lazy\" width=\"700\" height=\"394\" src=\"\/\/www.youtube-nocookie.com\/embed\/_4msNKgRQDc?rel=0\" frameborder=\"0\" allowfullscreen><\/iframe><\/div><\/p>\n","protected":false},"excerpt":{"rendered":"<a href=\"https:\/\/www.ifun.de\/was-wird-dein-vers-sein-zwei-neue-ipad-werbespots-60477\/\"><img width=\"150\" height=\"150\" src=\"https:\/\/images.ifun.de\/wp-content\/uploads\/2014\/05\/header95-150x150.jpg\" class=\"alignright tfe wp-post-image\" alt=\"\" decoding=\"async\" loading=\"lazy\" \/><\/a><p>Apple startet mit zwei neuen iPad-Werbespots in die Woche. Die beiden Filme aus der Reihe \u201eWas wird dein Vers sein?\u201c begleiten die auf Apple.com ver\u00f6ffentlichten Geschichten der Autorin Ch\u00e9rie King und des Komponisten Esa-Pekka Salonen. Mit den \u201eDein Vers\u201c-Geschichten dokumentiert Apple seit Jahresbeginn in regelm\u00e4\u00dfigen Abst\u00e4nden Anwender, die das iPad f\u00fcr au\u00dfergew\u00f6hnliche Zwecke oder im [&hellip;]<\/p>\n","protected":false},"author":2,"featured_media":60479,"comment_status":"open","ping_status":"closed","sticky":false,"template":"","format":"standard","meta":{"_acf_changed":false,"footnotes":""},"categories":[20],"tags":[4740,31,30],"class_list":["post-60477","post","type-post","status-publish","format-standard","has-post-thumbnail","hentry","category-videos","tag-ipad","tag-video","tag-werbung"],"acf":[],"aioseo_notices":[],"featured_image":["http:\/\/images.ifun.de\/wp-content\/uploads\/2014\/05\/header95.jpg"],"rest_api_enabler":{"featured_image":"http:\/\/images.ifun.de\/wp-content\/uploads\/2014\/05\/header95.jpg"},"_links":{"self":[{"href":"https:\/\/www.ifun.de\/apiv2\/wp\/v2\/posts\/60477","targetHints":{"allow":["GET"]}}],"collection":[{"href":"https:\/\/www.ifun.de\/apiv2\/wp\/v2\/posts"}],"about":[{"href":"https:\/\/www.ifun.de\/apiv2\/wp\/v2\/types\/post"}],"author":[{"embeddable":true,"href":"https:\/\/www.ifun.de\/apiv2\/wp\/v2\/users\/2"}],"replies":[{"embeddable":true,"href":"https:\/\/www.ifun.de\/apiv2\/wp\/v2\/comments?post=60477"}],"version-history":[{"count":1,"href":"https:\/\/www.ifun.de\/apiv2\/wp\/v2\/posts\/60477\/revisions"}],"predecessor-version":[{"id":60480,"href":"https:\/\/www.ifun.de\/apiv2\/wp\/v2\/posts\/60477\/revisions\/60480"}],"wp:featuredmedia":[{"embeddable":true,"href":"https:\/\/www.ifun.de\/apiv2\/wp\/v2\/media\/60479"}],"wp:attachment":[{"href":"https:\/\/www.ifun.de\/apiv2\/wp\/v2\/media?parent=60477"}],"wp:term":[{"taxonomy":"category","embeddable":true,"href":"https:\/\/www.ifun.de\/apiv2\/wp\/v2\/categories?post=60477"},{"taxonomy":"post_tag","embeddable":true,"href":"https:\/\/www.ifun.de\/apiv2\/wp\/v2\/tags?post=60477"}],"curies":[{"name":"wp","href":"https:\/\/api.w.org\/{rel}","templated":true}]}}