{"id":60287,"date":"2014-05-22T09:00:21","date_gmt":"2014-05-22T07:00:21","guid":{"rendered":"http:\/\/www.ifun.de\/?p=60287"},"modified":"2014-05-22T09:00:21","modified_gmt":"2014-05-22T07:00:21","slug":"wwdc-keynote-am-2-juni-geheime-programmpunkte-erhoehen-die-spannung","status":"publish","type":"post","link":"https:\/\/www.ifun.de\/wwdc-keynote-am-2-juni-geheime-programmpunkte-erhoehen-die-spannung-60287\/","title":{"rendered":"WWDC-Keynote am 2. Juni: Geheime Programmpunkte erh\u00f6hen die Spannung"},"content":{"rendered":"<p>Diesen Termin k\u00f6nnt ihr euch schon mal in den Kalender schreiben: Am Montag, den 2. Juni 2014 beginnt Apples Entwicklerkonferenz <a href=\"https:\/\/developer.apple.com\/wwdc\/\">WWDC<\/a> um 19 Uhr unserer Zeit mit der klassischen und auch dieses Jahr wieder mit Spannung erwarteten Keynote. Der Termin l\u00e4sst sich nun auch offiziell im Programm der Veranstaltung nachlesen<\/p>\n<p>Neben dem erwarteten Ausblick auf die n\u00e4chsten Generationen von OS X und iOS w\u00fcrde uns auch die eine oder andere Hardware-Neuvorstellung nicht \u00fcberraschen. Hei\u00dfe Kandidaten f\u00fcr ein Upgrade sind hier der Mac Mini, das MacBook Pro, vielleicht auch der iMac und ganz oben auf der Liste auch Apple TV.<\/p>\n<p>Es steht au\u00dfer Frage, dass Apple ein paar \u00dcberraschungen auf der Liste hat. Wer einen Blick in die gestern aktualisierte <a rel=\"noindex, nofollow\" href=\"http:\/\/www.ifun.de\/app\/640199958\">WWDC-App<\/a> wirft, findet eine ganze Reihe omin\u00f6ser Eintr\u00e4ge im Programm, die schlicht darauf beruhen, dass Apple die zu diesen Terminen angesetzten Themen noch nicht beim Namen nennt. Die eingesetzten Platzhalter wie \u201eShhhh, Can\u2019t Tell You Yet\u201c oder \u201eDon\u2019t Even Try Guessing What This One Is About\u201c lesen sich jedenfalls am\u00fcsant und erh\u00f6hen die Spannung.<\/p>\n<p><a href=\"http:\/\/images.ifun.de\/wp-content\/uploads\/2014\/05\/700.gif\"><img loading=\"lazy\" decoding=\"async\" src=\"http:\/\/images.ifun.de\/wp-content\/uploads\/2014\/05\/700.gif\" alt=\"700\" width=\"700\" height=\"398\" class=\"aligncenter size-full wp-image-60289\" \/><\/a><\/p>\n<p>Ob Apple die Er\u00f6ffnungsveranstaltung wieder per Videostream \u00fcbertragen wird, erfahren wir vermutlich erst am Tag der Veranstaltung selbst. Die Chancen daf\u00fcr stehen in unseren Augen jedenfalls ganz gut. Nat\u00fcrlich werden auch wir euch wie immer zeitnah und umfassend informieren.<\/p>\n","protected":false},"excerpt":{"rendered":"<a href=\"https:\/\/www.ifun.de\/wwdc-keynote-am-2-juni-geheime-programmpunkte-erhoehen-die-spannung-60287\/\"><img width=\"150\" height=\"150\" src=\"https:\/\/images.ifun.de\/wp-content\/uploads\/2014\/05\/icon48.jpg\" class=\"alignright tfe wp-post-image\" alt=\"\" decoding=\"async\" loading=\"lazy\" \/><\/a><p>Diesen Termin k\u00f6nnt ihr euch schon mal in den Kalender schreiben: Am Montag, den 2. Juni 2014 beginnt Apples Entwicklerkonferenz WWDC um 19 Uhr unserer Zeit mit der klassischen und auch dieses Jahr wieder mit Spannung erwarteten Keynote. Der Termin l\u00e4sst sich nun auch offiziell im Programm der Veranstaltung nachlesen Neben dem erwarteten Ausblick auf [&hellip;]<\/p>\n","protected":false},"author":2,"featured_media":60291,"comment_status":"open","ping_status":"closed","sticky":false,"template":"","format":"standard","meta":{"_acf_changed":false,"footnotes":""},"categories":[6],"tags":[4736,342,353],"class_list":["post-60287","post","type-post","status-publish","format-standard","has-post-thumbnail","hentry","category-entwickler","tag-apple","tag-keynote","tag-wwdc"],"acf":[],"aioseo_notices":[],"featured_image":["http:\/\/images.ifun.de\/wp-content\/uploads\/2014\/05\/header87.jpg"],"rest_api_enabler":{"featured_image":"http:\/\/images.ifun.de\/wp-content\/uploads\/2014\/05\/header87.jpg"},"_links":{"self":[{"href":"https:\/\/www.ifun.de\/apiv2\/wp\/v2\/posts\/60287","targetHints":{"allow":["GET"]}}],"collection":[{"href":"https:\/\/www.ifun.de\/apiv2\/wp\/v2\/posts"}],"about":[{"href":"https:\/\/www.ifun.de\/apiv2\/wp\/v2\/types\/post"}],"author":[{"embeddable":true,"href":"https:\/\/www.ifun.de\/apiv2\/wp\/v2\/users\/2"}],"replies":[{"embeddable":true,"href":"https:\/\/www.ifun.de\/apiv2\/wp\/v2\/comments?post=60287"}],"version-history":[{"count":2,"href":"https:\/\/www.ifun.de\/apiv2\/wp\/v2\/posts\/60287\/revisions"}],"predecessor-version":[{"id":60292,"href":"https:\/\/www.ifun.de\/apiv2\/wp\/v2\/posts\/60287\/revisions\/60292"}],"wp:featuredmedia":[{"embeddable":true,"href":"https:\/\/www.ifun.de\/apiv2\/wp\/v2\/media\/60291"}],"wp:attachment":[{"href":"https:\/\/www.ifun.de\/apiv2\/wp\/v2\/media?parent=60287"}],"wp:term":[{"taxonomy":"category","embeddable":true,"href":"https:\/\/www.ifun.de\/apiv2\/wp\/v2\/categories?post=60287"},{"taxonomy":"post_tag","embeddable":true,"href":"https:\/\/www.ifun.de\/apiv2\/wp\/v2\/tags?post=60287"}],"curies":[{"name":"wp","href":"https:\/\/api.w.org\/{rel}","templated":true}]}}