{"id":59909,"date":"2014-05-14T10:38:33","date_gmt":"2014-05-14T08:38:33","guid":{"rendered":"http:\/\/www.ifun.de\/?p=59909"},"modified":"2014-05-14T10:41:22","modified_gmt":"2014-05-14T08:41:22","slug":"apple-stores-urlaubssperre-im-september-hannover-nicht-vor-herbst","status":"publish","type":"post","link":"https:\/\/www.ifun.de\/apple-stores-urlaubssperre-im-september-hannover-nicht-vor-herbst-59909\/","title":{"rendered":"Apple Stores: Urlaubssperre im September, Hannover nicht vor Herbst?"},"content":{"rendered":"<p>Die Mitarbeiter in den deutschen Apple Stores d\u00fcrfen offenbar im September keinen Urlaub nehmen. Sofern diese Information zutrifft (und wir haben wenig Grund, an der Verl\u00e4sslichkeit der Quelle zu zweifeln), deutet dies auf einen Verkaufsstart popul\u00e4rer neuer Apple-Produkte in diesem Monat hin. Konkret d\u00fcrfte es sich um das iPhone 6 handeln, der September war bereits in den letzten beiden Jahren Apples \u201eiPhone-Monat\u201c, w\u00e4hrend neue iPads meist sp\u00e4ter im Jahr folgten.<\/p>\n<h2>Apple Store Hannover erst im Herbst?<\/h2>\n<p>Auch zum <a href=\"http:\/\/www.ifun.de\/?s=apple+store+hannover\">Apple Store Hannover<\/a> erreichten uns neue, bislang allerdings unbest\u00e4tigte Informationen. Angeblich soll sich die Er\u00f6ffnung nun bis in den Herbst 2014 verschieben. \u00dcber die Gr\u00fcnde daf\u00fcr l\u00e4sst sich nur spekulieren, mehrfach war von bauphysikalischen Problemen und Schimmelbefall im Geb\u00e4ude die Rede.<\/p>\n<p><a href=\"http:\/\/images.ifun.de\/wp-content\/uploads\/2014\/05\/hannover1.jpg\"><img loading=\"lazy\" decoding=\"async\" src=\"http:\/\/images.ifun.de\/wp-content\/uploads\/2014\/05\/hannover1.jpg\" alt=\"hannover\" width=\"700\" height=\"403\" class=\"aligncenter size-full wp-image-59911\" srcset=\"https:\/\/images.ifun.de\/wp-content\/uploads\/2014\/05\/hannover1.jpg 700w, https:\/\/images.ifun.de\/wp-content\/uploads\/2014\/05\/hannover1-300x172.jpg 300w\" sizes=\"auto, (max-width: 700px) 100vw, 700px\" \/><\/a><\/p>\n<p>Passend zu dieser Theorie wurde unl\u00e4ngst der Lauf des Bauzauns vor dem Geb\u00e4ude ver\u00e4ndert. Dabei wurde der Zugang zum ehemaligen Mobilcom-Shop wieder freigelegt und der Telekommunikationsanbieter ist momentan auch dabei, die Gesch\u00e4ftsr\u00e4ume wieder zu beziehen. Laut unseren Informationen war der Auszug der Mobilcom von Beginn an nur f\u00fcr einen bestimmten Zeitraum w\u00e4hrend der Umbauphase geplant. In Folge der Verz\u00f6gerungen wird der von der Mobilcom genutzte Geb\u00e4udeteil nun offenbar fr\u00fcher wieder er\u00f6ffnet (wir <a href=\"http:\/\/www.ifun.de\/angela-ahrendts-apple-store-chefin-59307\/\">berichteten<\/a>, Danke Olga und Michael).<\/p>\n","protected":false},"excerpt":{"rendered":"<a href=\"https:\/\/www.ifun.de\/apple-stores-urlaubssperre-im-september-hannover-nicht-vor-herbst-59909\/\"><img width=\"150\" height=\"150\" src=\"https:\/\/images.ifun.de\/wp-content\/uploads\/2014\/05\/header52-150x150.jpg\" class=\"alignright tfe wp-post-image\" alt=\"\" decoding=\"async\" loading=\"lazy\" \/><\/a><p>Die Mitarbeiter in den deutschen Apple Stores d\u00fcrfen offenbar im September keinen Urlaub nehmen. Sofern diese Information zutrifft (und wir haben wenig Grund, an der Verl\u00e4sslichkeit der Quelle zu zweifeln), deutet dies auf einen Verkaufsstart popul\u00e4rer neuer Apple-Produkte in diesem Monat hin. Konkret d\u00fcrfte es sich um das iPhone 6 handeln, der September war bereits [&hellip;]<\/p>\n","protected":false},"author":2,"featured_media":59912,"comment_status":"open","ping_status":"closed","sticky":false,"template":"","format":"standard","meta":{"_acf_changed":false,"footnotes":""},"categories":[3],"tags":[49,735,2333],"class_list":["post-59909","post","type-post","status-publish","format-standard","has-post-thumbnail","hentry","category-apple","tag-apple-store","tag-hannover","tag-iphone-6"],"acf":[],"aioseo_notices":[],"featured_image":["http:\/\/images.ifun.de\/wp-content\/uploads\/2014\/05\/header52.jpg"],"rest_api_enabler":{"featured_image":"http:\/\/images.ifun.de\/wp-content\/uploads\/2014\/05\/header52.jpg"},"_links":{"self":[{"href":"https:\/\/www.ifun.de\/apiv2\/wp\/v2\/posts\/59909","targetHints":{"allow":["GET"]}}],"collection":[{"href":"https:\/\/www.ifun.de\/apiv2\/wp\/v2\/posts"}],"about":[{"href":"https:\/\/www.ifun.de\/apiv2\/wp\/v2\/types\/post"}],"author":[{"embeddable":true,"href":"https:\/\/www.ifun.de\/apiv2\/wp\/v2\/users\/2"}],"replies":[{"embeddable":true,"href":"https:\/\/www.ifun.de\/apiv2\/wp\/v2\/comments?post=59909"}],"version-history":[{"count":4,"href":"https:\/\/www.ifun.de\/apiv2\/wp\/v2\/posts\/59909\/revisions"}],"predecessor-version":[{"id":59915,"href":"https:\/\/www.ifun.de\/apiv2\/wp\/v2\/posts\/59909\/revisions\/59915"}],"wp:featuredmedia":[{"embeddable":true,"href":"https:\/\/www.ifun.de\/apiv2\/wp\/v2\/media\/59912"}],"wp:attachment":[{"href":"https:\/\/www.ifun.de\/apiv2\/wp\/v2\/media?parent=59909"}],"wp:term":[{"taxonomy":"category","embeddable":true,"href":"https:\/\/www.ifun.de\/apiv2\/wp\/v2\/categories?post=59909"},{"taxonomy":"post_tag","embeddable":true,"href":"https:\/\/www.ifun.de\/apiv2\/wp\/v2\/tags?post=59909"}],"curies":[{"name":"wp","href":"https:\/\/api.w.org\/{rel}","templated":true}]}}