{"id":59893,"date":"2014-05-14T09:19:09","date_gmt":"2014-05-14T07:19:09","guid":{"rendered":"http:\/\/www.ifun.de\/?p=59893"},"modified":"2014-05-14T10:41:47","modified_gmt":"2014-05-14T08:41:47","slug":"grafikprobleme-beim-macbook-pro-2011-apple-bleibt-stur","status":"publish","type":"post","link":"https:\/\/www.ifun.de\/grafikprobleme-beim-macbook-pro-2011-apple-bleibt-stur-59893\/","title":{"rendered":"Grafikprobleme beim MacBook Pro 2011: Apple bleibt stur"},"content":{"rendered":"<p>Die US-Webseite <a href=\"http:\/\/appleinsider.com\/articles\/14\/05\/13\/apple-remains-mum-as-complaints-mount-over-2011-macbook-pro-gpu-failures\">Apple Insider<\/a> macht die Grafikprobleme bei den 15&#8243;- und 17&#8243;-Modellen des MacBook Pro 2011 noch einmal zum Thema und wir schlie\u00dfen uns da einfach noch einmal an. Apple weigert sich weiter, die en masse auftretenden Defekte als Produktionsfehler anzuerkennen, und das ist alles andere als okay. Es w\u00e4re h\u00f6chste Zeit, dass den betroffenen Nutzern geholfen wird.<\/p>\n<p><a href=\"http:\/\/images.ifun.de\/wp-content\/uploads\/2014\/01\/50041.jpg\"><img loading=\"lazy\" decoding=\"async\" src=\"http:\/\/images.ifun.de\/wp-content\/uploads\/2014\/01\/50041.jpg\" alt=\"500\" width=\"500\" height=\"281\" class=\"aligncenter size-full wp-image-54066\" srcset=\"https:\/\/images.ifun.de\/wp-content\/uploads\/2014\/01\/50041.jpg 500w, https:\/\/images.ifun.de\/wp-content\/uploads\/2014\/01\/50041-300x168.jpg 300w\" sizes=\"auto, (max-width: 500px) 100vw, 500px\" \/><\/a><\/p>\n<p>Wir haben in der Vergangenheit bereits <a href=\"http:\/\/www.ifun.de\/macbook-pro-2011-mit-grafikproblemen-beim-modell-2013-streiken-eingabegeraete-49438\/\">mehrfach<\/a> \u00fcber die Thematik <a href=\"http:\/\/www.ifun.de\/grafikprobleme-beim-macbook-pro-2011-apple-zeigt-sich-nicht-kulant-54064\/\">informiert<\/a>. Mit zunehmendem Alter treten bei der 2011er-Linie des MacBook Pro in Verbindung mit dem dort verbauten AMD-Grafikprozessor bei vielen Nutzern massive Probleme auf. Betroffene Anwender sehen sich insbesondere bei grafikintensiven T\u00e4tigkeiten mit Bildst\u00f6rungen und teils auch Komplettausf\u00e4llen der Grafik konfrontiert. Uns selbst liegen diverse Berichte von betroffenen MacBook-Besitzern vor und der <a href=\"https:\/\/discussions.apple.com\/thread\/4766577?start=0&amp;tstart=0\">zugeh\u00f6rige Diskussionsthread<\/a> im Apple Support-Forum umfasst mittlerweile mehr als 5000 Eintr\u00e4ge.<\/p>\n<p><h5>\u00c4hnliche Probleme auch beim 2011er iMac<\/h5>\n<p>Apple weigert sich bisher, einen Zusammenhang zwischen diesen Problemen und den verbauten Komponenten zu sehen &#8211; und dies obwohl es mit den iMacs aus dem selben Jahr ein auffallend \u00e4hnliches Problem gab, das von Apple auch anerkannt wurde. Seit August 2013 l\u00e4uft diesbez\u00fcglich ein <a href=\"http:\/\/www.ifun.de\/apple-tauscht-amd-grafikkarten-bei-27-imacs-aus-den-jahren-2011-und-2012-44730\/\">offizielles Austauschprogramm<\/a>.<\/p>\n<p>Im Falle der defekten MacBooks zeigt Apple sofern keine Garantieverl\u00e4ngerung vorliegt keine Kulanz und bietet lediglich den kostenpflichtigen Austausch der Hauptplatine an. Diese Investition von 500 Euro scheint das Problem allerdings auch nicht zuverl\u00e4ssig aus dem Weg zu r\u00e4umen, es gibt Berichte, laut denen der Defekt im Anschluss erneut aufgetreten ist.<\/p>\n<p>Die unz\u00e4hligen identischen Problemberichte von MacBook-Besitzern legen eigentlich unmissverst\u00e4ndlich den Schluss nahe, dass beim MacBook 2011 ein herstellungsbedingtes Problem mit der On-Board-Grafik vorliegt. Apple t\u00e4te gut daran, dies endlich anzuerkennen und einen Schritt auf die betroffenen Anwender zuzumachen. Bislang war eines der st\u00e4rksten Argumente f\u00fcr den Kauf eines Apple-Computers die hervorragende Qualit\u00e4t und Nutzungsdauer \u00fcber lange Jahre hinweg, verbunden mit einem entsprechend hohen Wiederverkaufswert. Es w\u00e4re sch\u00f6n, wenn Apple alles daf\u00fcr tut, dass diese Werte auch bei der 2011er-Modellreihe Bestand haben.<\/p>\n<p>Betroffene Anwender wollen wir an dieser Stelle auch noch einmal auf die <a href=\"http:\/\/www.change.org\/en-AU\/petitions\/timothy-d-cook-replace-or-fix-all-early-2011-macbook-pro-with-graphics-failure\">Online-Petition von Raj Dsouza<\/a> hinweisen, der Australier hat bereits die Unterschriften von knapp 3000 Betroffenen gesammelt:<\/p>\n<blockquote>\n<p>Everyone who bought a macbook pro spent a huge premium to buy macbook pro&#39;s and did not expect to have a manufacturing defect. This issue had made a 2500$ investment a piece of junk in 2 years. We do not buy Apple products with this in mind.<\/p>\n<\/blockquote>\n","protected":false},"excerpt":{"rendered":"<a href=\"https:\/\/www.ifun.de\/grafikprobleme-beim-macbook-pro-2011-apple-bleibt-stur-59893\/\"><img decoding=\"async\" width=\"150\" src=\"http:\/\/images.ifun.de\/wp-content\/uploads\/2014\/01\/50041.jpg\" class=\"alignright wp-post-image tfe\" alt=\"500\" title=\"\" \/><\/a><p>Die US-Webseite Apple Insider macht die Grafikprobleme bei den 15&#8243;- und 17&#8243;-Modellen des MacBook Pro 2011 noch einmal zum Thema und wir schlie\u00dfen uns da einfach noch einmal an. Apple weigert sich weiter, die en masse auftretenden Defekte als Produktionsfehler anzuerkennen, und das ist alles andere als okay. Es w\u00e4re h\u00f6chste Zeit, dass den betroffenen [&hellip;]<\/p>\n","protected":false},"author":2,"featured_media":0,"comment_status":"open","ping_status":"closed","sticky":false,"template":"","format":"standard","meta":{"_acf_changed":false,"footnotes":""},"categories":[16,1783],"tags":[200,6321,224,177],"class_list":["post-59893","post","type-post","status-publish","format-standard","hentry","category-mac","category-feature","tag-grafik","tag-mac","tag-macbook-pro","tag-problem"],"acf":[],"aioseo_notices":[],"featured_image":["http:\/\/images.ifun.de\/wp-content\/uploads\/2014\/01\/header116.jpg"],"rest_api_enabler":{"featured_image":"http:\/\/images.ifun.de\/wp-content\/uploads\/2014\/01\/header116.jpg"},"_links":{"self":[{"href":"https:\/\/www.ifun.de\/apiv2\/wp\/v2\/posts\/59893","targetHints":{"allow":["GET"]}}],"collection":[{"href":"https:\/\/www.ifun.de\/apiv2\/wp\/v2\/posts"}],"about":[{"href":"https:\/\/www.ifun.de\/apiv2\/wp\/v2\/types\/post"}],"author":[{"embeddable":true,"href":"https:\/\/www.ifun.de\/apiv2\/wp\/v2\/users\/2"}],"replies":[{"embeddable":true,"href":"https:\/\/www.ifun.de\/apiv2\/wp\/v2\/comments?post=59893"}],"version-history":[{"count":11,"href":"https:\/\/www.ifun.de\/apiv2\/wp\/v2\/posts\/59893\/revisions"}],"predecessor-version":[{"id":59906,"href":"https:\/\/www.ifun.de\/apiv2\/wp\/v2\/posts\/59893\/revisions\/59906"}],"wp:attachment":[{"href":"https:\/\/www.ifun.de\/apiv2\/wp\/v2\/media?parent=59893"}],"wp:term":[{"taxonomy":"category","embeddable":true,"href":"https:\/\/www.ifun.de\/apiv2\/wp\/v2\/categories?post=59893"},{"taxonomy":"post_tag","embeddable":true,"href":"https:\/\/www.ifun.de\/apiv2\/wp\/v2\/tags?post=59893"}],"curies":[{"name":"wp","href":"https:\/\/api.w.org\/{rel}","templated":true}]}}