{"id":59326,"date":"2014-05-03T11:00:03","date_gmt":"2014-05-03T09:00:03","guid":{"rendered":"http:\/\/www.ifun.de\/?p=59326"},"modified":"2014-05-03T11:21:45","modified_gmt":"2014-05-03T09:21:45","slug":"wwdc-im-juni-angeblich-ohne-iwatch-und-apple-tv","status":"publish","type":"post","link":"https:\/\/www.ifun.de\/wwdc-im-juni-angeblich-ohne-iwatch-und-apple-tv-59326\/","title":{"rendered":"Angeblich keine iWatch und kein Apple TV auf der WWDC"},"content":{"rendered":"<p>Apple wird auf der Entwicklerkonferenz <a href=\"https:\/\/developer.apple.com\/wwdc\/\">WWDC<\/a> weder eine iWatch noch ein neues Apple TV vorstellen. Dies berichtet die gew\u00f6hnlich gut informierte US-Webseite <a href=\"http:\/\/recode.net\/2014\/05\/02\/codered-no-new-apple-tv-at-wwdc\/\">Re\/code<\/a> unter Berufung auf \u201emit der Angelegenheit vertraute Quellen\u201c.<\/p>\n<p><a href=\"http:\/\/images.ifun.de\/wp-content\/uploads\/2014\/05\/cook.jpg\"><img loading=\"lazy\" decoding=\"async\" src=\"http:\/\/images.ifun.de\/wp-content\/uploads\/2014\/05\/cook.jpg\" alt=\"cook\" width=\"500\" height=\"323\" class=\"aligncenter size-full wp-image-59328\" srcset=\"https:\/\/images.ifun.de\/wp-content\/uploads\/2014\/05\/cook.jpg 500w, https:\/\/images.ifun.de\/wp-content\/uploads\/2014\/05\/cook-300x193.jpg 300w\" sizes=\"auto, (max-width: 500px) 100vw, 500px\" \/><\/a><\/p>\n<p>Knapp vier Wochen sind es noch hin, bis die WWDC am 2. Juni in San Francisco startet. Die Er\u00f6ffnungsrede der Veranstaltung hat Apple in der Vergangenheit regelm\u00e4\u00dfig dazu genutzt, neben einem Ausblick auf kommende Softwareprodukte auch neue Hardware vorzustellen. <a href=\"http:\/\/www.ifun.de\/wwdc-2013-alle-infos-zum-apple-event-41092\/\">Letztes Jahr<\/a> gab es beispielsweise ein neues MacBook Air, <a href=\"http:\/\/www.iphone-ticker.de\/wwdc-zusammenfassung-iphone-4-ios-40-und-deutschlandstart-11168\/\">im Jahr 2010<\/a> wurde das iPhone 4 im Rahmen der Konferenz erstmals \u00f6ffentlich pr\u00e4sentiert. In diesem Jahr soll wie bereits <a href=\"http:\/\/www.ifun.de\/ios-8-os-x-syrah-wwdc-juni-201-59287\/\">berichtet<\/a> auf Softwareseite das n\u00e4chste Mac-Betriebssystem im Mittelpunkt der Veranstaltung sehen, dar\u00fcber hinaus wird auch ein Ausblick auf die kommende iOS-Version 8 erwartet.<\/p>\n<p>Sollten die nun ver\u00f6ffentlichten Aussage zutreffen, bedeutet dies nat\u00fcrlich keinesfalls, dass Apple besagte Produkte nicht in absehbarer Zeit im Rahmen einer separaten Veranstaltung pr\u00e4sentiert. Dennoch solltet ihr eure Erwartungen in Bezug auf bevorstehende gro\u00dfartige Neuerungen oder gar eine neue Produktkategorie zun\u00e4chst einmal d\u00e4mpfen.<\/p>\n<p><h5>Neue Macs weiterhin im Rennen<\/h5>\n<p>Die Annahme, dass Apple begleitend zu den erwarteten Vorabpr\u00e4sentationen der neuen Generationen von OS X und iOS neue bzw. aktualisierte Mac-Hardware vorstellt, scheint uns jedoch weiterhin realistisch. Auf der Warteliste stehen hier das MacBook Pro sowie der Mac mini, zudem w\u00fcrde uns auch ein neuer Apple-Bildschirm mit 4k-Unterst\u00fctzung nicht \u00fcberraschen.<\/p>\n","protected":false},"excerpt":{"rendered":"<a href=\"https:\/\/www.ifun.de\/wwdc-im-juni-angeblich-ohne-iwatch-und-apple-tv-59326\/\"><img width=\"150\" height=\"150\" src=\"https:\/\/images.ifun.de\/wp-content\/uploads\/2014\/05\/header7-150x150.jpg\" class=\"alignright tfe wp-post-image\" alt=\"\" decoding=\"async\" loading=\"lazy\" \/><\/a><p>Apple wird auf der Entwicklerkonferenz WWDC weder eine iWatch noch ein neues Apple TV vorstellen. Dies berichtet die gew\u00f6hnlich gut informierte US-Webseite Re\/code unter Berufung auf \u201emit der Angelegenheit vertraute Quellen\u201c. Knapp vier Wochen sind es noch hin, bis die WWDC am 2. Juni in San Francisco startet. Die Er\u00f6ffnungsrede der Veranstaltung hat Apple in [&hellip;]<\/p>\n","protected":false},"author":2,"featured_media":59329,"comment_status":"open","ping_status":"closed","sticky":false,"template":"","format":"standard","meta":{"_acf_changed":false,"footnotes":""},"categories":[18],"tags":[26,3910,917,353],"class_list":["post-59326","post","type-post","status-publish","format-standard","has-post-thumbnail","hentry","category-rumors","tag-apple-tv","tag-geruechte","tag-iwatch","tag-wwdc"],"acf":[],"aioseo_notices":[],"featured_image":["http:\/\/images.ifun.de\/wp-content\/uploads\/2014\/05\/header7.jpg"],"rest_api_enabler":{"featured_image":"http:\/\/images.ifun.de\/wp-content\/uploads\/2014\/05\/header7.jpg"},"_links":{"self":[{"href":"https:\/\/www.ifun.de\/apiv2\/wp\/v2\/posts\/59326","targetHints":{"allow":["GET"]}}],"collection":[{"href":"https:\/\/www.ifun.de\/apiv2\/wp\/v2\/posts"}],"about":[{"href":"https:\/\/www.ifun.de\/apiv2\/wp\/v2\/types\/post"}],"author":[{"embeddable":true,"href":"https:\/\/www.ifun.de\/apiv2\/wp\/v2\/users\/2"}],"replies":[{"embeddable":true,"href":"https:\/\/www.ifun.de\/apiv2\/wp\/v2\/comments?post=59326"}],"version-history":[{"count":12,"href":"https:\/\/www.ifun.de\/apiv2\/wp\/v2\/posts\/59326\/revisions"}],"predecessor-version":[{"id":59340,"href":"https:\/\/www.ifun.de\/apiv2\/wp\/v2\/posts\/59326\/revisions\/59340"}],"wp:featuredmedia":[{"embeddable":true,"href":"https:\/\/www.ifun.de\/apiv2\/wp\/v2\/media\/59329"}],"wp:attachment":[{"href":"https:\/\/www.ifun.de\/apiv2\/wp\/v2\/media?parent=59326"}],"wp:term":[{"taxonomy":"category","embeddable":true,"href":"https:\/\/www.ifun.de\/apiv2\/wp\/v2\/categories?post=59326"},{"taxonomy":"post_tag","embeddable":true,"href":"https:\/\/www.ifun.de\/apiv2\/wp\/v2\/tags?post=59326"}],"curies":[{"name":"wp","href":"https:\/\/api.w.org\/{rel}","templated":true}]}}