{"id":59307,"date":"2014-05-02T15:02:06","date_gmt":"2014-05-02T13:02:06","guid":{"rendered":"http:\/\/www.ifun.de\/?p=59307"},"modified":"2014-05-14T10:32:28","modified_gmt":"2014-05-14T08:32:28","slug":"angela-ahrendts-apple-store-chefin","status":"publish","type":"post","link":"https:\/\/www.ifun.de\/angela-ahrendts-apple-store-chefin-59307\/","title":{"rendered":"Vom Laufsteg in den Apple Store: Angela Ahrendts neu im Apple-F\u00fchrungsstab"},"content":{"rendered":"<p>Apple hat mit Beginn des neuen Monats einen bemerkenswerten Personalwechsel vollzogen. Mit Angela Ahrendts wechselt die bisherige Chefin des Modeunternehmens Burberry und dort mit einem Jahresgehalt von 20 Millionen Euro <a href=\"http:\/\/www.welt.de\/wirtschaft\/article117167016\/Burberry-Chefin-ist-Grossbritanniens-Topverdienerin.html\">angeblich<\/a> die Topverdienerin unter den 100 gr\u00f6\u00dften b\u00f6rsennotierten Konzernen nun offiziell zu Apple.<\/p>\n<p><a href=\"http:\/\/images.ifun.de\/wp-content\/uploads\/2014\/05\/5004.jpg\"><img loading=\"lazy\" decoding=\"async\" src=\"http:\/\/images.ifun.de\/wp-content\/uploads\/2014\/05\/5004.jpg\" alt=\"500\" width=\"500\" height=\"338\" class=\"aligncenter size-full wp-image-59308\" srcset=\"https:\/\/images.ifun.de\/wp-content\/uploads\/2014\/05\/5004.jpg 500w, https:\/\/images.ifun.de\/wp-content\/uploads\/2014\/05\/5004-300x202.jpg 300w\" sizes=\"auto, (max-width: 500px) 100vw, 500px\" \/><\/a><\/p>\n<p>Ahrendts erscheint seit heute offiziell auf der <a href=\"http:\/\/www.apple.com\/pr\/bios\/\">Liste der Apple-F\u00fchrungspers\u00f6nlichkeiten<\/a>. Die Managerin ist fortan weltweit f\u00fcr die Apple Retail- und Online-Stores verantwortlich und untersteht direkt dem Firmenchef Tim Cook.<\/p>\n<p><h5>Nichts Neues aus Hannover<\/h5>\n<p>Auch die deutschen Apple Stores fallen somit nun in Ahrendts Verantwortungsbereich. Hier warten wir ja weiterhin auf positive Nachrichten aus Hannover. W\u00e4hrend die Bauarbeiten dort schon l\u00e4ngere Zeit abgeschlossen sind und auch die Inneneinrichtung komplett vorhanden scheint, zeichnet sich weiterhin kein Er\u00f6ffnungstermin ab.<\/p>\n<p>Die Tatsache, dass der Bauzaun derart umgestaltet wurde, dass der ehemalige Mobilcom-Shop in direkter Nachbarschaft wieder frei zug\u00e4nglich und laut unseren Informationen in K\u00fcrze auch wieder von der Mobilcom bezogen wird l\u00e4sst bef\u00fcrchten, dass sich die Er\u00f6ffnung des Apple Store noch weiter hinauszieht. (Danke Olga)<\/p>\n<p><a href=\"http:\/\/images.ifun.de\/wp-content\/uploads\/2014\/05\/hannover.jpg\"><img loading=\"lazy\" decoding=\"async\" src=\"http:\/\/images.ifun.de\/wp-content\/uploads\/2014\/05\/hannover.jpg\" alt=\"hannover\" width=\"700\" height=\"343\" class=\"aligncenter size-full wp-image-59309\" srcset=\"https:\/\/images.ifun.de\/wp-content\/uploads\/2014\/05\/hannover.jpg 700w, https:\/\/images.ifun.de\/wp-content\/uploads\/2014\/05\/hannover-300x147.jpg 300w\" sizes=\"auto, (max-width: 700px) 100vw, 700px\" \/><\/a><\/p>\n","protected":false},"excerpt":{"rendered":"<a href=\"https:\/\/www.ifun.de\/angela-ahrendts-apple-store-chefin-59307\/\"><img width=\"150\" height=\"150\" src=\"https:\/\/images.ifun.de\/wp-content\/uploads\/2014\/05\/header5-150x150.jpg\" class=\"alignright tfe wp-post-image\" alt=\"\" decoding=\"async\" loading=\"lazy\" \/><\/a><p>Apple hat mit Beginn des neuen Monats einen bemerkenswerten Personalwechsel vollzogen. Mit Angela Ahrendts wechselt die bisherige Chefin des Modeunternehmens Burberry und dort mit einem Jahresgehalt von 20 Millionen Euro angeblich die Topverdienerin unter den 100 gr\u00f6\u00dften b\u00f6rsennotierten Konzernen nun offiziell zu Apple. Ahrendts erscheint seit heute offiziell auf der Liste der Apple-F\u00fchrungspers\u00f6nlichkeiten. Die Managerin [&hellip;]<\/p>\n","protected":false},"author":2,"featured_media":59310,"comment_status":"open","ping_status":"closed","sticky":false,"template":"","format":"standard","meta":{"_acf_changed":false,"footnotes":""},"categories":[3],"tags":[4736,49],"class_list":["post-59307","post","type-post","status-publish","format-standard","has-post-thumbnail","hentry","category-apple","tag-apple","tag-apple-store"],"acf":[],"aioseo_notices":[],"featured_image":["http:\/\/images.ifun.de\/wp-content\/uploads\/2014\/05\/header5.jpg","http:\/\/images.ifun.de\/wp-content\/uploads\/2014\/05\/header5.jpg"],"rest_api_enabler":{"featured_image":["http:\/\/images.ifun.de\/wp-content\/uploads\/2014\/05\/header5.jpg","http:\/\/images.ifun.de\/wp-content\/uploads\/2014\/05\/header5.jpg"]},"_links":{"self":[{"href":"https:\/\/www.ifun.de\/apiv2\/wp\/v2\/posts\/59307","targetHints":{"allow":["GET"]}}],"collection":[{"href":"https:\/\/www.ifun.de\/apiv2\/wp\/v2\/posts"}],"about":[{"href":"https:\/\/www.ifun.de\/apiv2\/wp\/v2\/types\/post"}],"author":[{"embeddable":true,"href":"https:\/\/www.ifun.de\/apiv2\/wp\/v2\/users\/2"}],"replies":[{"embeddable":true,"href":"https:\/\/www.ifun.de\/apiv2\/wp\/v2\/comments?post=59307"}],"version-history":[{"count":4,"href":"https:\/\/www.ifun.de\/apiv2\/wp\/v2\/posts\/59307\/revisions"}],"predecessor-version":[{"id":59908,"href":"https:\/\/www.ifun.de\/apiv2\/wp\/v2\/posts\/59307\/revisions\/59908"}],"wp:featuredmedia":[{"embeddable":true,"href":"https:\/\/www.ifun.de\/apiv2\/wp\/v2\/media\/59310"}],"wp:attachment":[{"href":"https:\/\/www.ifun.de\/apiv2\/wp\/v2\/media?parent=59307"}],"wp:term":[{"taxonomy":"category","embeddable":true,"href":"https:\/\/www.ifun.de\/apiv2\/wp\/v2\/categories?post=59307"},{"taxonomy":"post_tag","embeddable":true,"href":"https:\/\/www.ifun.de\/apiv2\/wp\/v2\/tags?post=59307"}],"curies":[{"name":"wp","href":"https:\/\/api.w.org\/{rel}","templated":true}]}}