{"id":59053,"date":"2014-04-28T19:19:45","date_gmt":"2014-04-28T17:19:45","guid":{"rendered":"http:\/\/www.ifun.de\/?p=59053"},"modified":"2014-04-29T07:55:42","modified_gmt":"2014-04-29T05:55:42","slug":"macbook-air-neue-modelle-haswell","status":"publish","type":"post","link":"https:\/\/www.ifun.de\/macbook-air-neue-modelle-haswell-59053\/","title":{"rendered":"MacBook Air: Neue Modelle angeblich morgen [UPDATE]"},"content":{"rendered":"<p>Wir schreiben die Kalenderwoche 18 und rechnen damit wie bereits vor einigen Tagen <a href=\"http:\/\/www.ifun.de\/kalenderwochen-iphone-ipad-mac-ical-anzeigen-anleitung-38207\/\">berichtet<\/a> ohnehin schon verst\u00e4rkt mit der Vorstellung eines neuen MacBook Air. Die amerikanische Webseite <a href=\"http:\/\/9to5mac.com\/2014\/04\/28\/new-macbook-airs-likely-launching-tomorrow\/\">9to5Mac<\/a> wirft nun konkret den morgigen Dienstag als Vorstellungstermin ins Rennen.<\/p>\n<p><a href=\"http:\/\/images.ifun.de\/wp-content\/uploads\/2014\/04\/50048.jpg\"><img loading=\"lazy\" decoding=\"async\" src=\"http:\/\/images.ifun.de\/wp-content\/uploads\/2014\/04\/50048.jpg\" alt=\"500\" width=\"500\" height=\"179\" class=\"aligncenter size-full wp-image-59056\" srcset=\"https:\/\/images.ifun.de\/wp-content\/uploads\/2014\/04\/50048.jpg 500w, https:\/\/images.ifun.de\/wp-content\/uploads\/2014\/04\/50048-300x107.jpg 300w\" sizes=\"auto, (max-width: 500px) 100vw, 500px\" \/><\/a><\/p>\n<p>Angeblich sind bereits Lieferungen mit neuen MacBook-Air-Modellen in den Bildschirmgr\u00f6\u00dfen 11 und 13 Zoll in den amerikanischen Apple-Ladengesch\u00e4ften eingetroffen und ein Verkaufsstart f\u00fcr morgen werde vorbereitet. Die \u00c4nderungen sollen im Vergleich zur aktuellen Ger\u00e4tegeneration aller Voraussicht nach jedoch gering ausfallen. Nur marginal ver\u00e4nderte Bestellnummern lassen auf nicht sonderlich spektakul\u00e4re Neuerungen schlie\u00dfen, beispielsweise ein Update auf Intels neueste Haswell-Prozessoren und mehr Speicherplatz. Aber warten wir es ab, sp\u00e4testens morgen Nachmittag wissen wir wohl mehr.<\/p>\n<p>Unabh\u00e4ngig davon ist weiterhin ein umfassendes Update f\u00fcr die MacBook-Air-Linie im Gespr\u00e4ch. Die Ger\u00fcchte haben sich hier auf ein <a href=\"http:\/\/www.ifun.de\/neue-geruechte-sehen-macbook-air-retina-im-anmarsch-57331\/\">d\u00fcnneres Geh\u00e4use mit 12&quot;-Retina-Bildschirm<\/a> eingeschossen.<\/p>\n<p><strong>UPDATE:<\/strong> Erg\u00e4nzend zeigt <a href=\"http:\/\/9to5mac.com\/2014\/04\/28\/updated-macbook-air-line-to-offer-slightly-faster-processors-not-much-else\/\">9to5Mac<\/a> nun ein Bild der angeblichen Verpackung des neuen 13&#8243;-Modells, dass die Neuerungen wohl in der Tat marginal ausfallen. Ger\u00e4teform und Bauweise bleiben wohl unver\u00e4ndert, lediglich die Prozessorleistung wird leicht erh\u00f6ht (1,4 \/ 2,7 GHz statt 1,3 \/ 2,6 GHz).<\/p>\n<p><a href=\"http:\/\/images.ifun.de\/wp-content\/uploads\/2014\/04\/7009.jpg\"><img loading=\"lazy\" decoding=\"async\" src=\"http:\/\/images.ifun.de\/wp-content\/uploads\/2014\/04\/7009.jpg\" alt=\"700\" width=\"700\" height=\"255\" class=\"aligncenter size-full wp-image-59078\" srcset=\"https:\/\/images.ifun.de\/wp-content\/uploads\/2014\/04\/7009.jpg 700w, https:\/\/images.ifun.de\/wp-content\/uploads\/2014\/04\/7009-300x109.jpg 300w\" sizes=\"auto, (max-width: 700px) 100vw, 700px\" \/><\/a><\/p>\n","protected":false},"excerpt":{"rendered":"<a href=\"https:\/\/www.ifun.de\/macbook-air-neue-modelle-haswell-59053\/\"><img width=\"150\" height=\"150\" src=\"https:\/\/images.ifun.de\/wp-content\/uploads\/2014\/04\/header91-150x150.jpg\" class=\"alignright tfe wp-post-image\" alt=\"\" decoding=\"async\" loading=\"lazy\" \/><\/a><p>Wir schreiben die Kalenderwoche 18 und rechnen damit wie bereits vor einigen Tagen berichtet ohnehin schon verst\u00e4rkt mit der Vorstellung eines neuen MacBook Air. Die amerikanische Webseite 9to5Mac wirft nun konkret den morgigen Dienstag als Vorstellungstermin ins Rennen. Angeblich sind bereits Lieferungen mit neuen MacBook-Air-Modellen in den Bildschirmgr\u00f6\u00dfen 11 und 13 Zoll in den amerikanischen [&hellip;]<\/p>\n","protected":false},"author":2,"featured_media":59057,"comment_status":"open","ping_status":"closed","sticky":false,"template":"","format":"standard","meta":{"_acf_changed":false,"footnotes":""},"categories":[18],"tags":[3910,344],"class_list":["post-59053","post","type-post","status-publish","format-standard","has-post-thumbnail","hentry","category-rumors","tag-geruechte","tag-macbook-air"],"acf":[],"aioseo_notices":[],"featured_image":["http:\/\/images.ifun.de\/wp-content\/uploads\/2014\/04\/header91.jpg"],"rest_api_enabler":{"featured_image":"http:\/\/images.ifun.de\/wp-content\/uploads\/2014\/04\/header91.jpg"},"_links":{"self":[{"href":"https:\/\/www.ifun.de\/apiv2\/wp\/v2\/posts\/59053","targetHints":{"allow":["GET"]}}],"collection":[{"href":"https:\/\/www.ifun.de\/apiv2\/wp\/v2\/posts"}],"about":[{"href":"https:\/\/www.ifun.de\/apiv2\/wp\/v2\/types\/post"}],"author":[{"embeddable":true,"href":"https:\/\/www.ifun.de\/apiv2\/wp\/v2\/users\/2"}],"replies":[{"embeddable":true,"href":"https:\/\/www.ifun.de\/apiv2\/wp\/v2\/comments?post=59053"}],"version-history":[{"count":8,"href":"https:\/\/www.ifun.de\/apiv2\/wp\/v2\/posts\/59053\/revisions"}],"predecessor-version":[{"id":59081,"href":"https:\/\/www.ifun.de\/apiv2\/wp\/v2\/posts\/59053\/revisions\/59081"}],"wp:featuredmedia":[{"embeddable":true,"href":"https:\/\/www.ifun.de\/apiv2\/wp\/v2\/media\/59057"}],"wp:attachment":[{"href":"https:\/\/www.ifun.de\/apiv2\/wp\/v2\/media?parent=59053"}],"wp:term":[{"taxonomy":"category","embeddable":true,"href":"https:\/\/www.ifun.de\/apiv2\/wp\/v2\/categories?post=59053"},{"taxonomy":"post_tag","embeddable":true,"href":"https:\/\/www.ifun.de\/apiv2\/wp\/v2\/tags?post=59053"}],"curies":[{"name":"wp","href":"https:\/\/api.w.org\/{rel}","templated":true}]}}