{"id":58718,"date":"2014-04-22T09:58:17","date_gmt":"2014-04-22T07:58:17","guid":{"rendered":"http:\/\/www.ifun.de\/?p=58718"},"modified":"2014-04-22T10:20:17","modified_gmt":"2014-04-22T08:20:17","slug":"oekostrom-apples-umwelt-kampagne-mit-deutscher-sonderseite","status":"publish","type":"post","link":"https:\/\/www.ifun.de\/oekostrom-apples-umwelt-kampagne-mit-deutscher-sonderseite-58718\/","title":{"rendered":"94% \u00d6kostrom: Apples Umwelt-Kampagne mit deutscher Sonderseite"},"content":{"rendered":"<p>Die <a href=\"http:\/\/www.ifun.de\/umwelt-kampagne-apple-video-laesst-tim-cook-sprechen-58697\/\">gestern<\/a> auf der amerikanischen Apple-Homepage eingepflegte Sonderseite &#8222;<a href=\"http:\/\/www.apple.com\/de\/environment\/\">\u00d6kologische Verantwortung<\/a>&#8220; wartet jetzt auch in einer auf Deutsch \u00fcbersetzen Version auf euren Besuch &#8211; Untertitel f\u00fcr das von Tim Cook eingesprochene Video inklusive. <\/p>\n<p><a href=\"http:\/\/images.ifun.de\/wp-content\/uploads\/2014\/04\/standorte.jpg\"><img loading=\"lazy\" decoding=\"async\" src=\"http:\/\/images.ifun.de\/wp-content\/uploads\/2014\/04\/standorte.jpg\" alt=\"standorte\" width=\"500\" height=\"330\" class=\"aligncenter size-full wp-image-58719\" srcset=\"https:\/\/images.ifun.de\/wp-content\/uploads\/2014\/04\/standorte.jpg 500w, https:\/\/images.ifun.de\/wp-content\/uploads\/2014\/04\/standorte-300x198.jpg 300w\" sizes=\"auto, (max-width: 500px) 100vw, 500px\" \/><\/a><\/p>\n<p>Gelauncht zum diesj\u00e4hrigen <a href=\"https:\/\/de.wikipedia.org\/wiki\/Earth_Day\">Tag der Erde<\/a>, pr\u00e4sentiert Apples Sonderseite die gr\u00fcnen, bereits von <a href=\"http:\/\/www.iphone-ticker.de\/greenpeace-report-mit-bestnoten-fuer-apple-63859\/\">Greenpeace honorierten<\/a>  Anstrengungen des Unternehmens und widmet sich in den vier Teilbereichen &#8222;Klimawandel&#8220;, &#8222;Giftstoffe&#8220;, &#8222;begrenzte Ressourcen&#8220; und &#8222;unser Fortschritt&#8220; zahlreichen statistisch belegbaren Verbesserungen, deren Hintergr\u00fcnde Apple sichtlich stolz pr\u00e4sentiert. <\/p>\n<blockquote><p>Wir wollen, dass unsere Produkte in allem das Bestm\u00f6gliche erreichen. Sie sollen sch\u00f6n, benutzerfreundlich und leistungsstark sein. Die gleiche Begeisterung f\u00fcr Innovation haben wir beim Thema \u00f6kologische Verantwortung. Darum arbeiten wir unerm\u00fcdlich daran, unsere Wirkung auf den Klimawandel zu reduzieren, umweltfreundlichere Materialien einzusetzen und jene Ressourcen zu sch\u00fctzen, die wir alle zum Leben brauchen. Wir sind auf unseren Fortschritt stolz, aber wir wissen auch, dass wir noch mehr erreichen k\u00f6nnen. Das passiert nicht \u00fcber Nacht. Aber wir k\u00f6nnen jeden Tag daran arbeiten, besser zu werden.  <\/p><\/blockquote>\n<h2>Tim Cook &#8211; Besser<\/h2>\n<p><div class=\"responsive-video\"><iframe loading=\"lazy\" width=\"700\" height=\"371\" src=\"http:\/\/www.youtube-nocookie.com\/embed\/V8k2HMhiMFE\" frameborder=\"0\" allowfullscreen><\/iframe><\/div> (<a href=\"http:\/\/youtu.be\/V8k2HMhiMFE\">Direkt-Link<\/a>)<\/p>\n<p>Dazu passend: Die heutige Print-Anzeige auf der R\u00fcckseite des Handelsblattes. Danke Cedric.<\/p>\n<p><a href=\"http:\/\/images.ifun.de\/wp-content\/uploads\/2014\/04\/handelsblatt.jpg\"><img loading=\"lazy\" decoding=\"async\" src=\"http:\/\/images.ifun.de\/wp-content\/uploads\/2014\/04\/handelsblatt.jpg\" alt=\"handelsblatt\" width=\"700\" height=\"978\" class=\"aligncenter size-full wp-image-58724\" srcset=\"https:\/\/images.ifun.de\/wp-content\/uploads\/2014\/04\/handelsblatt.jpg 700w, https:\/\/images.ifun.de\/wp-content\/uploads\/2014\/04\/handelsblatt-214x300.jpg 214w\" sizes=\"auto, (max-width: 700px) 100vw, 700px\" \/><\/a><\/p>\n","protected":false},"excerpt":{"rendered":"<a href=\"https:\/\/www.ifun.de\/oekostrom-apples-umwelt-kampagne-mit-deutscher-sonderseite-58718\/\"><img width=\"150\" height=\"150\" src=\"https:\/\/images.ifun.de\/wp-content\/uploads\/2014\/04\/solar-150x150.jpg\" class=\"alignright tfe wp-post-image\" alt=\"\" decoding=\"async\" loading=\"lazy\" \/><\/a><p>Die gestern auf der amerikanischen Apple-Homepage eingepflegte Sonderseite &#8222;\u00d6kologische Verantwortung&#8220; wartet jetzt auch in einer auf Deutsch \u00fcbersetzen Version auf euren Besuch &#8211; Untertitel f\u00fcr das von Tim Cook eingesprochene Video inklusive. Gelauncht zum diesj\u00e4hrigen Tag der Erde, pr\u00e4sentiert Apples Sonderseite die gr\u00fcnen, bereits von Greenpeace honorierten Anstrengungen des Unternehmens und widmet sich in den [&hellip;]<\/p>\n","protected":false},"author":1,"featured_media":58720,"comment_status":"open","ping_status":"closed","sticky":false,"template":"","format":"standard","meta":{"_acf_changed":false,"footnotes":""},"categories":[3],"tags":[4736,76,31,225],"class_list":["post-58718","post","type-post","status-publish","format-standard","has-post-thumbnail","hentry","category-apple","tag-apple","tag-umwelt","tag-video","tag-zahlen"],"acf":[],"aioseo_notices":[],"featured_image":["http:\/\/images.ifun.de\/wp-content\/uploads\/2014\/04\/solar.jpg"],"rest_api_enabler":{"featured_image":"http:\/\/images.ifun.de\/wp-content\/uploads\/2014\/04\/solar.jpg"},"_links":{"self":[{"href":"https:\/\/www.ifun.de\/apiv2\/wp\/v2\/posts\/58718","targetHints":{"allow":["GET"]}}],"collection":[{"href":"https:\/\/www.ifun.de\/apiv2\/wp\/v2\/posts"}],"about":[{"href":"https:\/\/www.ifun.de\/apiv2\/wp\/v2\/types\/post"}],"author":[{"embeddable":true,"href":"https:\/\/www.ifun.de\/apiv2\/wp\/v2\/users\/1"}],"replies":[{"embeddable":true,"href":"https:\/\/www.ifun.de\/apiv2\/wp\/v2\/comments?post=58718"}],"version-history":[{"count":2,"href":"https:\/\/www.ifun.de\/apiv2\/wp\/v2\/posts\/58718\/revisions"}],"predecessor-version":[{"id":58725,"href":"https:\/\/www.ifun.de\/apiv2\/wp\/v2\/posts\/58718\/revisions\/58725"}],"wp:featuredmedia":[{"embeddable":true,"href":"https:\/\/www.ifun.de\/apiv2\/wp\/v2\/media\/58720"}],"wp:attachment":[{"href":"https:\/\/www.ifun.de\/apiv2\/wp\/v2\/media?parent=58718"}],"wp:term":[{"taxonomy":"category","embeddable":true,"href":"https:\/\/www.ifun.de\/apiv2\/wp\/v2\/categories?post=58718"},{"taxonomy":"post_tag","embeddable":true,"href":"https:\/\/www.ifun.de\/apiv2\/wp\/v2\/tags?post=58718"}],"curies":[{"name":"wp","href":"https:\/\/api.w.org\/{rel}","templated":true}]}}