{"id":58707,"date":"2014-04-22T09:06:40","date_gmt":"2014-04-22T07:06:40","guid":{"rendered":"http:\/\/www.ifun.de\/?p=58707"},"modified":"2014-04-22T09:06:40","modified_gmt":"2014-04-22T07:06:40","slug":"iwatch-eine-umfangreiche-konzept-studie-mit-eigener-webseite","status":"publish","type":"post","link":"https:\/\/www.ifun.de\/iwatch-eine-umfangreiche-konzept-studie-mit-eigener-webseite-58707\/","title":{"rendered":"iWatch: Eine umfangreiche Konzept-Studie mit eigener Webseite"},"content":{"rendered":"<p>Francisco Martinez Costa hat eine Ausbildung zum PR-Fachmann hinter sich, kommt eigentlich aus Spanien, wohnt derzeit jedoch in London und hat sich dort mit der noch immer auf sich warten lassenden iWatch besch\u00e4ftigt. Ein Projekt, das gestern abgeschlossen wurde. <\/p>\n<p><a href=\"http:\/\/images.ifun.de\/wp-content\/uploads\/2014\/04\/uhr-band.jpg\"><img loading=\"lazy\" decoding=\"async\" src=\"http:\/\/images.ifun.de\/wp-content\/uploads\/2014\/04\/uhr-band.jpg\" alt=\"uhr-band\" width=\"500\" height=\"328\" class=\"aligncenter size-full wp-image-58709\" srcset=\"https:\/\/images.ifun.de\/wp-content\/uploads\/2014\/04\/uhr-band.jpg 500w, https:\/\/images.ifun.de\/wp-content\/uploads\/2014\/04\/uhr-band-300x196.jpg 300w\" sizes=\"auto, (max-width: 500px) 100vw, 500px\" \/><\/a><\/p>\n<p>Auf der Webseite &#8222;<a href=\"http:\/\/www.ifyoucouldseethefuture.com\/specs.html\">If you could see the future<\/a>&#8220; hat Costa am Wochenende ein detailliertes iWatch-Konzept ver\u00f6ffentlicht, das seine Vorstellungen des Apple-Armbandes visualisiert.<\/p>\n<p>Die umfangreiche Konzept-Studie ist mit Bildern, Videos und handgezeichneten Skizzen angereichert, zeigt unterschiedlich eingef\u00e4rbte iWatch-Modelle mit Lightning-Anschluss und l\u00e4sst seine Besucher gr\u00fcbelnd: Wird uns Apple noch im laufenden Jahr wirklich eine konventionelle Uhr mit gebogenem Touchscreen vorsetzen? <\/p>\n<p><a href=\"http:\/\/images.ifun.de\/wp-content\/uploads\/2014\/04\/uhr-sil.jpg\"><img loading=\"lazy\" decoding=\"async\" src=\"http:\/\/images.ifun.de\/wp-content\/uploads\/2014\/04\/uhr-sil.jpg\" alt=\"uhr-sil\" width=\"700\" height=\"212\" class=\"aligncenter size-full wp-image-58710\" srcset=\"https:\/\/images.ifun.de\/wp-content\/uploads\/2014\/04\/uhr-sil.jpg 700w, https:\/\/images.ifun.de\/wp-content\/uploads\/2014\/04\/uhr-sil-300x90.jpg 300w\" sizes=\"auto, (max-width: 700px) 100vw, 700px\" \/><\/a><\/p>\n<p>Unabh\u00e4ngig davon wie ihr die Frage beantworten w\u00fcrdet: Die Seite mit ihren <a href=\"http:\/\/www.ifyoucouldseethefuture.com\/\">sechs Sektionen<\/a> &#8211; in Flei\u00dfarbeit der offiziellen Apple-Homepage nachempfunden &#8211; hat euren kurzen Besuch in jedem Fall verdient. <\/p>\n<p><div class=\"responsive-video\"><iframe loading=\"lazy\" width=\"700\" height=\"371\" src=\"http:\/\/www.youtube-nocookie.com\/embed\/ahs1T8ULqRc\" frameborder=\"0\" allowfullscreen><\/iframe><\/div> (<a href=\"http:\/\/youtu.be\/ahs1T8ULqRc\">Direkt-Link<\/a>)<\/p>\n","protected":false},"excerpt":{"rendered":"<a href=\"https:\/\/www.ifun.de\/iwatch-eine-umfangreiche-konzept-studie-mit-eigener-webseite-58707\/\"><img width=\"150\" height=\"150\" src=\"https:\/\/images.ifun.de\/wp-content\/uploads\/2014\/04\/uhr-sil-150x150.jpg\" class=\"alignright tfe wp-post-image\" alt=\"\" decoding=\"async\" loading=\"lazy\" \/><\/a><p>Francisco Martinez Costa hat eine Ausbildung zum PR-Fachmann hinter sich, kommt eigentlich aus Spanien, wohnt derzeit jedoch in London und hat sich dort mit der noch immer auf sich warten lassenden iWatch besch\u00e4ftigt. Ein Projekt, das gestern abgeschlossen wurde. Auf der Webseite &#8222;If you could see the future&#8220; hat Costa am Wochenende ein detailliertes iWatch-Konzept [&hellip;]<\/p>\n","protected":false},"author":1,"featured_media":58710,"comment_status":"open","ping_status":"closed","sticky":false,"template":"","format":"standard","meta":{"_acf_changed":false,"footnotes":""},"categories":[3],"tags":[4736,250,917,6322,107],"class_list":["post-58707","post","type-post","status-publish","format-standard","has-post-thumbnail","hentry","category-apple","tag-apple","tag-design","tag-iwatch","tag-rumors","tag-uhr"],"acf":[],"aioseo_notices":[],"featured_image":["http:\/\/images.ifun.de\/wp-content\/uploads\/2014\/04\/apfeluhr.jpg"],"rest_api_enabler":{"featured_image":"http:\/\/images.ifun.de\/wp-content\/uploads\/2014\/04\/apfeluhr.jpg"},"_links":{"self":[{"href":"https:\/\/www.ifun.de\/apiv2\/wp\/v2\/posts\/58707","targetHints":{"allow":["GET"]}}],"collection":[{"href":"https:\/\/www.ifun.de\/apiv2\/wp\/v2\/posts"}],"about":[{"href":"https:\/\/www.ifun.de\/apiv2\/wp\/v2\/types\/post"}],"author":[{"embeddable":true,"href":"https:\/\/www.ifun.de\/apiv2\/wp\/v2\/users\/1"}],"replies":[{"embeddable":true,"href":"https:\/\/www.ifun.de\/apiv2\/wp\/v2\/comments?post=58707"}],"version-history":[{"count":1,"href":"https:\/\/www.ifun.de\/apiv2\/wp\/v2\/posts\/58707\/revisions"}],"predecessor-version":[{"id":58711,"href":"https:\/\/www.ifun.de\/apiv2\/wp\/v2\/posts\/58707\/revisions\/58711"}],"wp:featuredmedia":[{"embeddable":true,"href":"https:\/\/www.ifun.de\/apiv2\/wp\/v2\/media\/58710"}],"wp:attachment":[{"href":"https:\/\/www.ifun.de\/apiv2\/wp\/v2\/media?parent=58707"}],"wp:term":[{"taxonomy":"category","embeddable":true,"href":"https:\/\/www.ifun.de\/apiv2\/wp\/v2\/categories?post=58707"},{"taxonomy":"post_tag","embeddable":true,"href":"https:\/\/www.ifun.de\/apiv2\/wp\/v2\/tags?post=58707"}],"curies":[{"name":"wp","href":"https:\/\/api.w.org\/{rel}","templated":true}]}}