{"id":58320,"date":"2014-04-11T17:48:44","date_gmt":"2014-04-11T15:48:44","guid":{"rendered":"http:\/\/www.ifun.de\/?p=58320"},"modified":"2014-04-11T17:49:08","modified_gmt":"2014-04-11T15:49:08","slug":"kurz-notiert-das-ipad-pro-monument-valley-und-beamer-2","status":"publish","type":"post","link":"https:\/\/www.ifun.de\/kurz-notiert-das-ipad-pro-monument-valley-und-beamer-2-58320\/","title":{"rendered":"Kurz notiert: Das iPad Pro, Monument Valley &#038; Beamer 2"},"content":{"rendered":"<p>Die Gestalter des amerikanischen UI-Studios Ramotion haben auf dem Grafikdesign-Portal Behance ihr <a href=\"https:\/\/www.behance.net\/gallery\/iPad-Pro-Design-Concept\/16011385\">iPad Pro Design Concept<\/a> vorgestellt und ihre Kreativit\u00e4t bei der Realisierung eines <em>wirklich gro\u00dfen<\/em> iPads unter Beweis gestellt.<\/p>\n<p><a href=\"http:\/\/images.ifun.de\/wp-content\/uploads\/2014\/04\/ipad-pro.jpg\"><img loading=\"lazy\" decoding=\"async\" src=\"http:\/\/images.ifun.de\/wp-content\/uploads\/2014\/04\/ipad-pro.jpg\" alt=\"ipad-pro\" width=\"500\" height=\"432\" class=\"aligncenter size-full wp-image-58324\" srcset=\"https:\/\/images.ifun.de\/wp-content\/uploads\/2014\/04\/ipad-pro.jpg 500w, https:\/\/images.ifun.de\/wp-content\/uploads\/2014\/04\/ipad-pro-300x259.jpg 300w\" sizes=\"auto, (max-width: 500px) 100vw, 500px\" \/><\/a><\/p>\n<p>Die animierten Grafiken, die das knapp 12 Zoll gro\u00dfe Tablet vorstellen, sind zwar weit von einer realistischen Umsetzung  (geschweige denn, einer Marktreife) entfernt, k\u00f6nnen sich aber dennoch sehen lassen und sollten euch einen Abstecher auf <a href=\"https:\/\/www.behance.net\/gallery\/iPad-Pro-Design-Concept\/16011385\">diese Seite<\/a> wert sein. Abgesehen von leichten Ausrei\u00dfern (etwa die drei verbauten Kamera-Module), liefert das Design-Konzept durchaus schl\u00fcssige Ans\u00e4tze wie etwa die verbesserte Zugentlastung der Kopfh\u00f6rer, die aufgewerteten Lautsprecher und das magnetische Ladekabel. Aber <a href=\"https:\/\/www.behance.net\/gallery\/iPad-Pro-Design-Concept\/16011385\">seht selbst<\/a>. <\/p>\n<ul>\n<li>\n<h2>Monument Valley &#8211; Entwickler im Gespr\u00e4ch<\/h2>\n<\/li>\n<\/ul>\n<p>Die Entwickler der Anfang des Monats von <a href=\"http:\/\/www.ifun.de\/monument-valley-das-bisher-schoenste-ios-spiel-in-dieser-woche-57809\/\">uns vorgestellten<\/a> Universal-Applikation <a rel=\"noindex, nofollow\" href=\"http:\/\/www.ifun.de\/app\/728293409\">Monument Valley<\/a>, haben sich im Rahmen der Game Developer Conference mit Simon Sage unterhalten und sprechen \u00fcber die Erstellung und die Idee hinter ihrem Spiel, das mit optischen Escher-Anleihen punktet. <\/p>\n<p>Rund die H\u00e4lfte aller K\u00e4ufer, dies geben die Monument Valley-Entwickler der App-Schmiede &#8222;Ustwo&#8220; im Gespr\u00e4ch an, h\u00e4tten das rund 90 Minuten lange Spiel inzwischen durchgespielt. Ein interessanter Dialog:<\/p>\n<p><div class=\"responsive-video\"><iframe loading=\"lazy\" width=\"700\" height=\"371\" src=\"http:\/\/www.youtube-nocookie.com\/embed\/LDwcJTqbcuA \" frameborder=\"0\" allowfullscreen><\/iframe><\/div> (<a href=\"http:\/\/youtu.be\/LDwcJTqbcuA \">Direkt-Link<\/a>)<\/p>\n<ul>\n<li>\n<h2>Mac-App Beamer vor gro\u00dfem Update<\/h2>\n<\/li>\n<\/ul>\n<p>Die Mac-Applikation <a href=\"http:\/\/beamer-app.com\/\">Beamer<\/a>, eine Anwendung mit der sich beliebige Videos vom eigenen Rechner an ein Apple TV im gleichen Netzwerk streamen lassen, wird am 17. April in Version 2.0 erscheinen. Die App soll mit einem komplett neugestalteten Interface angeboten werden und wird erstmals Video-Playlisten unterst\u00fctzen, mit denen sich mehrere Filme in Reihe abspielen lassen sollen. <\/p>\n<p>F\u00fcr Nutzer, die die App in den vergangenen sechs Monaten erworben haben, soll das Update kostenlos erh\u00e4ltlich sein. Auf der <a href=\"http:\/\/beamer-app.com\/2\">Vorschau-Seite zu Beamer 2<\/a> k\u00f6nnt ihr bereits einen Blick auf das angek\u00fcndigte Update werfen. <\/p>\n<p><a href=\"http:\/\/images.ifun.de\/wp-content\/uploads\/2014\/04\/beamer-2.jpg\"><img loading=\"lazy\" decoding=\"async\" src=\"http:\/\/images.ifun.de\/wp-content\/uploads\/2014\/04\/beamer-2.jpg\" alt=\"beamer-2\" width=\"700\" height=\"398\" class=\"aligncenter size-full wp-image-58322\" srcset=\"https:\/\/images.ifun.de\/wp-content\/uploads\/2014\/04\/beamer-2.jpg 700w, https:\/\/images.ifun.de\/wp-content\/uploads\/2014\/04\/beamer-2-300x170.jpg 300w\" sizes=\"auto, (max-width: 700px) 100vw, 700px\" \/><\/a><\/p>\n","protected":false},"excerpt":{"rendered":"<a href=\"https:\/\/www.ifun.de\/kurz-notiert-das-ipad-pro-monument-valley-und-beamer-2-58320\/\"><img width=\"150\" height=\"150\" src=\"https:\/\/images.ifun.de\/wp-content\/uploads\/2014\/04\/beamer-2-150x150.jpg\" class=\"alignright tfe wp-post-image\" alt=\"\" decoding=\"async\" loading=\"lazy\" \/><\/a><p>Die Gestalter des amerikanischen UI-Studios Ramotion haben auf dem Grafikdesign-Portal Behance ihr iPad Pro Design Concept vorgestellt und ihre Kreativit\u00e4t bei der Realisierung eines wirklich gro\u00dfen iPads unter Beweis gestellt. Die animierten Grafiken, die das knapp 12 Zoll gro\u00dfe Tablet vorstellen, sind zwar weit von einer realistischen Umsetzung (geschweige denn, einer Marktreife) entfernt, k\u00f6nnen sich [&hellip;]<\/p>\n","protected":false},"author":1,"featured_media":58322,"comment_status":"open","ping_status":"closed","sticky":false,"template":"","format":"standard","meta":{"_acf_changed":false,"footnotes":""},"categories":[1,15],"tags":[95,250,4740,918,6321,52,31],"class_list":["post-58320","post","type-post","status-publish","format-standard","has-post-thumbnail","hentry","category-news","category-kurznachrichten","tag-airplay","tag-design","tag-ipad","tag-konzept","tag-mac","tag-software","tag-video"],"acf":[],"aioseo_notices":[],"featured_image":["http:\/\/images.ifun.de\/wp-content\/uploads\/2014\/04\/pro.jpg"],"rest_api_enabler":{"featured_image":"http:\/\/images.ifun.de\/wp-content\/uploads\/2014\/04\/pro.jpg"},"_links":{"self":[{"href":"https:\/\/www.ifun.de\/apiv2\/wp\/v2\/posts\/58320","targetHints":{"allow":["GET"]}}],"collection":[{"href":"https:\/\/www.ifun.de\/apiv2\/wp\/v2\/posts"}],"about":[{"href":"https:\/\/www.ifun.de\/apiv2\/wp\/v2\/types\/post"}],"author":[{"embeddable":true,"href":"https:\/\/www.ifun.de\/apiv2\/wp\/v2\/users\/1"}],"replies":[{"embeddable":true,"href":"https:\/\/www.ifun.de\/apiv2\/wp\/v2\/comments?post=58320"}],"version-history":[{"count":3,"href":"https:\/\/www.ifun.de\/apiv2\/wp\/v2\/posts\/58320\/revisions"}],"predecessor-version":[{"id":58326,"href":"https:\/\/www.ifun.de\/apiv2\/wp\/v2\/posts\/58320\/revisions\/58326"}],"wp:featuredmedia":[{"embeddable":true,"href":"https:\/\/www.ifun.de\/apiv2\/wp\/v2\/media\/58322"}],"wp:attachment":[{"href":"https:\/\/www.ifun.de\/apiv2\/wp\/v2\/media?parent=58320"}],"wp:term":[{"taxonomy":"category","embeddable":true,"href":"https:\/\/www.ifun.de\/apiv2\/wp\/v2\/categories?post=58320"},{"taxonomy":"post_tag","embeddable":true,"href":"https:\/\/www.ifun.de\/apiv2\/wp\/v2\/tags?post=58320"}],"curies":[{"name":"wp","href":"https:\/\/api.w.org\/{rel}","templated":true}]}}