{"id":58018,"date":"2014-04-08T11:04:22","date_gmt":"2014-04-08T09:04:22","guid":{"rendered":"http:\/\/www.ifun.de\/?p=58018"},"modified":"2014-04-08T11:04:22","modified_gmt":"2014-04-08T09:04:22","slug":"eu-gerichtshof-kippt-vorratsdatenspeicherung","status":"publish","type":"post","link":"https:\/\/www.ifun.de\/eu-gerichtshof-kippt-vorratsdatenspeicherung-58018\/","title":{"rendered":"EU-Gerichtshof kippt Vorratsdatenspeicherung"},"content":{"rendered":"<p>Der <a href=\"http:\/\/de.wikipedia.org\/wiki\/Europ\u00e4ischer_Gerichtshof\">Europ\u00e4ische Gerichtshof<\/a> st\u00e4rkt den Datenschutz in den Mitgliedsl\u00e4ndern der der EU. Die Gro\u00dfe Kammer des obersten rechtsprechenden Organs der Europ\u00e4ischen Union hat entschieden, dass die Vorratsdatenspeicherung nicht mit EU-Recht vereinbar ist.<\/p>\n<p><a href=\"http:\/\/images.ifun.de\/wp-content\/uploads\/2014\/04\/50019.jpg\"><img loading=\"lazy\" decoding=\"async\" src=\"http:\/\/images.ifun.de\/wp-content\/uploads\/2014\/04\/50019.jpg\" alt=\"500\" width=\"500\" height=\"292\" class=\"aligncenter size-full wp-image-58020\" srcset=\"https:\/\/images.ifun.de\/wp-content\/uploads\/2014\/04\/50019.jpg 500w, https:\/\/images.ifun.de\/wp-content\/uploads\/2014\/04\/50019-300x175.jpg 300w\" sizes=\"auto, (max-width: 500px) 100vw, 500px\" \/><\/a><\/p>\n<h6>(EU-Gerichtshof Luxemburg | Bild: Peter Fuchs <a href=\"http:\/\/www.shutterstock.com\/\">Shutterstock<\/a>)<\/h6>\n<p>Konkret hatte unter anderem die irische B\u00fcrgerrechtsorganisation Digital Rights Ireland gegen die \u201eSpeicherung von Kommunikationsdaten ohne Verdacht auf Straftaten\u201c geklagt. Die Vorratsdatenspeicherung sei unverh\u00e4ltnism\u00e4\u00dfig und verletze die Grundrechte auf Privatleben, Datenschutz und freie Meinungs\u00e4u\u00dferung. Das EU-Gericht gab diesen Einw\u00e4nden in vollem Umfang Recht und fordert nun eine \u00dcberarbeitung der Richtlinie und damit verbunden die Beschr\u00e4nkung der Speicherung der Daten aus Telefonaten, Internetaktivit\u00e4ten und E-Mail-Verkehr auf das absolut Notwendigste.<\/p>\n<p>Die Bundesregierung hat sich zuletzt f\u00fcr die Vorratsdatenspeicherung ausgesprochen. Das Urteil aus Luxemburg macht Union und SPD nun allerdings einen Strich durch die Rechnung. Das urspr\u00fcnglich geplante Sammeln von privaten Daten der Bundesb\u00fcrger \u00fcber einen Zeitraum von bis zu zwei Jahren hinweg ist nach der heutigen Entscheidung nicht mehr zul\u00e4ssig. (via <a href=\"http:\/\/www.tagesschau.de\/ausland\/vorratsdatenspeicherung222.html\">Tagesschau<\/a>)<\/p>\n","protected":false},"excerpt":{"rendered":"<a href=\"https:\/\/www.ifun.de\/eu-gerichtshof-kippt-vorratsdatenspeicherung-58018\/\"><img width=\"150\" height=\"150\" src=\"https:\/\/images.ifun.de\/wp-content\/uploads\/2014\/04\/50019-150x150.jpg\" class=\"alignright tfe wp-post-image\" alt=\"\" decoding=\"async\" loading=\"lazy\" \/><\/a><p>Der Europ\u00e4ische Gerichtshof st\u00e4rkt den Datenschutz in den Mitgliedsl\u00e4ndern der der EU. Die Gro\u00dfe Kammer des obersten rechtsprechenden Organs der Europ\u00e4ischen Union hat entschieden, dass die Vorratsdatenspeicherung nicht mit EU-Recht vereinbar ist. (EU-Gerichtshof Luxemburg | Bild: Peter Fuchs Shutterstock) Konkret hatte unter anderem die irische B\u00fcrgerrechtsorganisation Digital Rights Ireland gegen die \u201eSpeicherung von Kommunikationsdaten ohne [&hellip;]<\/p>\n","protected":false},"author":2,"featured_media":58020,"comment_status":"open","ping_status":"closed","sticky":false,"template":"","format":"standard","meta":{"_acf_changed":false,"footnotes":""},"categories":[1],"tags":[990,246,118,553],"class_list":["post-58018","post","type-post","status-publish","format-standard","has-post-thumbnail","hentry","category-news","tag-datenschutz","tag-europa","tag-internet","tag-recht"],"acf":[],"aioseo_notices":[],"featured_image":["http:\/\/images.ifun.de\/wp-content\/uploads\/2014\/04\/header36.jpg"],"subheadline":["Im Zweifel f\u00fcr den Datenschutz:"],"rest_api_enabler":{"featured_image":"http:\/\/images.ifun.de\/wp-content\/uploads\/2014\/04\/header36.jpg","subheadline":"Im Zweifel f\u00fcr den Datenschutz:"},"_links":{"self":[{"href":"https:\/\/www.ifun.de\/apiv2\/wp\/v2\/posts\/58018","targetHints":{"allow":["GET"]}}],"collection":[{"href":"https:\/\/www.ifun.de\/apiv2\/wp\/v2\/posts"}],"about":[{"href":"https:\/\/www.ifun.de\/apiv2\/wp\/v2\/types\/post"}],"author":[{"embeddable":true,"href":"https:\/\/www.ifun.de\/apiv2\/wp\/v2\/users\/2"}],"replies":[{"embeddable":true,"href":"https:\/\/www.ifun.de\/apiv2\/wp\/v2\/comments?post=58018"}],"version-history":[{"count":4,"href":"https:\/\/www.ifun.de\/apiv2\/wp\/v2\/posts\/58018\/revisions"}],"predecessor-version":[{"id":58024,"href":"https:\/\/www.ifun.de\/apiv2\/wp\/v2\/posts\/58018\/revisions\/58024"}],"wp:featuredmedia":[{"embeddable":true,"href":"https:\/\/www.ifun.de\/apiv2\/wp\/v2\/media\/58020"}],"wp:attachment":[{"href":"https:\/\/www.ifun.de\/apiv2\/wp\/v2\/media?parent=58018"}],"wp:term":[{"taxonomy":"category","embeddable":true,"href":"https:\/\/www.ifun.de\/apiv2\/wp\/v2\/categories?post=58018"},{"taxonomy":"post_tag","embeddable":true,"href":"https:\/\/www.ifun.de\/apiv2\/wp\/v2\/tags?post=58018"}],"curies":[{"name":"wp","href":"https:\/\/api.w.org\/{rel}","templated":true}]}}