{"id":57752,"date":"2014-04-02T13:29:43","date_gmt":"2014-04-02T12:29:43","guid":{"rendered":"http:\/\/www.ifun.de\/?p=57752"},"modified":"2014-04-02T13:33:16","modified_gmt":"2014-04-02T12:33:16","slug":"kalender-app-fantastical-jetzt-auch-fuers-ipad-erhaeltlich-video","status":"publish","type":"post","link":"https:\/\/www.ifun.de\/kalender-app-fantastical-jetzt-auch-fuers-ipad-erhaeltlich-video-57752\/","title":{"rendered":"Kalender-App Fantastical jetzt auch f\u00fcrs iPad erh\u00e4ltlich [Video]"},"content":{"rendered":"<p>Flexibits hat mit <a rel=\"noindex, nofollow\" href=\"http:\/\/www.ifun.de\/app\/830708155\">Fantastical 2 f\u00fcr iPad<\/a> nun auch eine Tablet-Version des auf iPhone und Mac beliebten Kalenders vorgestellt. Im unten eingebetteten Video seht ihr den Funktionsumfang der leistungsf\u00e4higen Kalender-App im Schnelldurchlauf.<\/p>\n<p><a href=\"http:\/\/images.ifun.de\/wp-content\/uploads\/2014\/04\/fantastical-440.jpg\"><img loading=\"lazy\" decoding=\"async\" src=\"http:\/\/images.ifun.de\/wp-content\/uploads\/2014\/04\/fantastical-440.jpg\" alt=\"fantastical-440\" width=\"434\" height=\"257\" class=\"aligncenter size-full wp-image-57755\" srcset=\"https:\/\/images.ifun.de\/wp-content\/uploads\/2014\/04\/fantastical-440.jpg 434w, https:\/\/images.ifun.de\/wp-content\/uploads\/2014\/04\/fantastical-440-300x177.jpg 300w\" sizes=\"auto, (max-width: 434px) 100vw, 434px\" \/><\/a><\/p>\n<h5>Termine und Erinnerungen<\/h5>\n<p>Fantastical bittet beim ersten Start um die Erlaubnis, auf die Daten in den Apple-Apps Kalender und Erinnerungen zuzugreifen und arbeitet anschlie\u00dfend perfekt mit diesen Systemdiensten zusammen. Eure Daten werden problemlos \u00fcber iCloud synchronisiert und lassen sich auf anderen Ger\u00e4ten ebenso gut weiter mit Apples Original-Apps nutzen. Fantastical beweist auf dem iPad aber einmal mehr, dass Apple bei der Ausgestaltung seiner Apps noch deutlich Luft nach oben hat. Die App bringt Termine und Erinnerungen auf angenehme Weise unter einen Hut und setzt dabei in erster Linie auf eine klar strukturierte Wochenansicht, die sich nach Bedarf schrittweise auf den vollen Bildschirm erweitern l\u00e4sst. Zur Standarddarstellung geh\u00f6ren zudem eine Listenansicht sowie eine erg\u00e4nzende Monats\u00fcbersicht. Standard\u00e4\u00dfig wird die Monats\u00fcbersicht im sogenannten &#8222;Dark Mode&#8220; angezeigt, optional l\u00e4sst sich aber auch eine hellere Ansichtsvariante w\u00e4hlen.<\/p>\n<p><a href=\"http:\/\/images.ifun.de\/wp-content\/uploads\/2014\/04\/fantastical-dark-mode-700.jpg\"><img loading=\"lazy\" decoding=\"async\" src=\"http:\/\/images.ifun.de\/wp-content\/uploads\/2014\/04\/fantastical-dark-mode-700.jpg\" alt=\"fantastical-dark-mode-700\" width=\"700\" height=\"277\" class=\"aligncenter size-full wp-image-57756\" srcset=\"https:\/\/images.ifun.de\/wp-content\/uploads\/2014\/04\/fantastical-dark-mode-700.jpg 700w, https:\/\/images.ifun.de\/wp-content\/uploads\/2014\/04\/fantastical-dark-mode-700-300x118.jpg 300w\" sizes=\"auto, (max-width: 700px) 100vw, 700px\" \/><\/a><\/p>\n<p>Die Anzeige wie auch das Anlegen einzelner Termine und Erinnerungen erfolgt durch seitlich eingeschobene \u201eFenster\u201c. Fantastical zeigt hier nach M\u00f6glichkeit auch eine grafische Darstellung des Ereignisorts sowie die Teilnehmer mit Kontaktbild und Kontaktinformationen an. Das Erstellen neuer Termine erfolgt wie bereits von den anderen Fantastical-Versionen bekannt durch nat\u00fcrliche Befehle wie \u201eMittagessen mit Linda morgen 12 Uhr\u201c, auch die Spracheingabe \u00fcber Siri funktioniert prima &#8211; hier werden die Termine wie auch im Video unten zu sehen in Echtzeit eingetragen.<\/p>\n<p><div class=\"responsive-video\"><iframe loading=\"lazy\" width=\"700\" height=\"525\" src=\"\/\/www.youtube-nocookie.com\/embed\/gM_59TTkjrg\" frameborder=\"0\" allowfullscreen><\/iframe><\/div><\/p>\n<p><a rel=\"noindex, nofollow\" href=\"http:\/\/www.ifun.de\/app\/830708155\">Fantastical 2 f\u00fcr iPad<\/a> wird vor\u00fcbergehend zum Einf\u00fchrungspreis von 8,99 Euro angeboten, sp\u00e4ter soll der Preis dann auf 12,99 Euro angehoben werden.<\/p>\n<div id=\"article-single-app-preview\">\n<div id=\"article-single-app-preview-icon\"><img loading=\"lazy\" decoding=\"async\" src=\"https:\/\/www.ifun.de\/wp-content\/plugins\/appstore-lookup\/timthumb.php?src=http:\/\/placekitten.com\/57\/57&zc=0&amp;w=72&amp;q=80\"  alt=\"App Icon\"  height=\"72\" width=\"72\" class=\"asl-icon-img\" \/><\/div>\n<div id=\"article-single-app-preview-desc\"><span class=\"name\">App Not Found<\/span><br \/>\n<span class=\"seller\">Seller Not Found<\/span><\/div>\n<a href=\"http:\/\/www.ifun.de\/app\/830708155\"><div id=\"article-single-app-preview-download\">Free<br \/>\n<span class=\"size\">19.73MB<\/span><\/div><\/a>\n<\/div>\n<p>Die <a rel=\"noindex, nofollow\" href=\"http:\/\/www.ifun.de\/app\/718043190\">Version f\u00fcr das iPhone<\/a> ist derzeit zum Preis von 4,99 Euro erh\u00e4ltlich, <a href=\"https:\/\/itunes.apple.com\/de\/app\/fantastical-kalender-und-erinnerungen\/id435003921?mt=12&#038;uo=4&#038;at=10ltcU\">Fantastical f\u00fcr den Mac<\/a> l\u00e4sst sich f\u00fcr 17,99 Euro im Mac App Store laden.<img loading=\"lazy\" decoding=\"async\" src=\"http:\/\/vg05.met.vgwort.de\/na\/e322deb5023c4f58b798bae9c904f674\" width=\"1\" height=\"1\" class=\"tracking\"><\/p>\n","protected":false},"excerpt":{"rendered":"<a href=\"https:\/\/www.ifun.de\/kalender-app-fantastical-jetzt-auch-fuers-ipad-erhaeltlich-video-57752\/\"><img width=\"150\" height=\"144\" src=\"https:\/\/images.ifun.de\/wp-content\/uploads\/2014\/04\/fantastical-icon.jpg\" class=\"alignright tfe wp-post-image\" alt=\"\" decoding=\"async\" loading=\"lazy\" \/><\/a><p>Flexibits hat mit Fantastical 2 f\u00fcr iPad nun auch eine Tablet-Version des auf iPhone und Mac beliebten Kalenders vorgestellt. Im unten eingebetteten Video seht ihr den Funktionsumfang der leistungsf\u00e4higen Kalender-App im Schnelldurchlauf. Termine und Erinnerungen Fantastical bittet beim ersten Start um die Erlaubnis, auf die Daten in den Apple-Apps Kalender und Erinnerungen zuzugreifen und arbeitet [&hellip;]<\/p>\n","protected":false},"author":2,"featured_media":57758,"comment_status":"open","ping_status":"closed","sticky":false,"template":"","format":"standard","meta":{"_acf_changed":false,"footnotes":""},"categories":[5],"tags":[23,4737,935,4739,4740,151,841],"class_list":["post-57752","post","type-post","status-publish","format-standard","has-post-thumbnail","hentry","category-apps","tag-app-store","tag-apps","tag-erinnerungen","tag-ios","tag-ipad","tag-kalender","tag-termine"],"acf":[],"aioseo_notices":[],"subheadline":["Termine und Erinnerungen angenehm verwalten"],"featured_image":["http:\/\/images.ifun.de\/wp-content\/uploads\/2014\/04\/fantastical-feature.jpg"],"rest_api_enabler":{"subheadline":"Termine und Erinnerungen angenehm verwalten","featured_image":"http:\/\/images.ifun.de\/wp-content\/uploads\/2014\/04\/fantastical-feature.jpg"},"_links":{"self":[{"href":"https:\/\/www.ifun.de\/apiv2\/wp\/v2\/posts\/57752","targetHints":{"allow":["GET"]}}],"collection":[{"href":"https:\/\/www.ifun.de\/apiv2\/wp\/v2\/posts"}],"about":[{"href":"https:\/\/www.ifun.de\/apiv2\/wp\/v2\/types\/post"}],"author":[{"embeddable":true,"href":"https:\/\/www.ifun.de\/apiv2\/wp\/v2\/users\/2"}],"replies":[{"embeddable":true,"href":"https:\/\/www.ifun.de\/apiv2\/wp\/v2\/comments?post=57752"}],"version-history":[{"count":10,"href":"https:\/\/www.ifun.de\/apiv2\/wp\/v2\/posts\/57752\/revisions"}],"predecessor-version":[{"id":57766,"href":"https:\/\/www.ifun.de\/apiv2\/wp\/v2\/posts\/57752\/revisions\/57766"}],"wp:featuredmedia":[{"embeddable":true,"href":"https:\/\/www.ifun.de\/apiv2\/wp\/v2\/media\/57758"}],"wp:attachment":[{"href":"https:\/\/www.ifun.de\/apiv2\/wp\/v2\/media?parent=57752"}],"wp:term":[{"taxonomy":"category","embeddable":true,"href":"https:\/\/www.ifun.de\/apiv2\/wp\/v2\/categories?post=57752"},{"taxonomy":"post_tag","embeddable":true,"href":"https:\/\/www.ifun.de\/apiv2\/wp\/v2\/tags?post=57752"}],"curies":[{"name":"wp","href":"https:\/\/api.w.org\/{rel}","templated":true}]}}