{"id":57432,"date":"2014-03-27T16:26:20","date_gmt":"2014-03-27T15:26:20","guid":{"rendered":"http:\/\/www.ifun.de\/?p=57432"},"modified":"2014-03-27T16:26:42","modified_gmt":"2014-03-27T15:26:42","slug":"microsoft-keynote-als-livestream-kommt-office-fuer-ipad","status":"publish","type":"post","link":"https:\/\/www.ifun.de\/microsoft-keynote-als-livestream-kommt-office-fuer-ipad-57432\/","title":{"rendered":"Office f\u00fcr iPad? Microsoft-Keynote als Livestream"},"content":{"rendered":"<p>Die Chancen daf\u00fcr, dass Microsoft am heutigen Donnerstag eine Office-Version f\u00fcr das iPad ank\u00fcndigt stehen gut. Auf 18 Uhr unserer Zeit hat der neue Microsoft-Chef <a href=\"http:\/\/www.ifun.de\/microsoft-die-aera-ballmer-ist-beendet-satya-nadella-neuer-ceo-54355\/\">Satya Nadella<\/a> ausgew\u00e4hlte Medienvertreter nach San Francisco eingeladen, um \u00fcber Cloud-Anwendungen und Mobilger\u00e4te zu sprechen. Bei Interesse k\u00f6nnt ihr die Veranstaltung live verfolgen, Microsoft bietet dazu einen <a href=\"http:\/\/www.microsoft.com\/en-us\/news\/\">Videostream<\/a> an.<\/p>\n<p><a href=\"http:\/\/images.ifun.de\/wp-content\/uploads\/2014\/03\/nadella.jpg\"><img loading=\"lazy\" decoding=\"async\" src=\"http:\/\/images.ifun.de\/wp-content\/uploads\/2014\/03\/nadella.jpg\" alt=\"nadella\" width=\"500\" height=\"355\" class=\"aligncenter size-full wp-image-57434\" srcset=\"https:\/\/images.ifun.de\/wp-content\/uploads\/2014\/03\/nadella.jpg 500w, https:\/\/images.ifun.de\/wp-content\/uploads\/2014\/03\/nadella-300x213.jpg 300w\" sizes=\"auto, (max-width: 500px) 100vw, 500px\" \/><\/a><\/p>\n<p>Auf eine Microsoft-Office-Version f\u00fcr das iPad warten wir ja l\u00e4ngst. <a href=\"http:\/\/www.ifun.de\/microsoft-office-ipad-kostenlos-laden-app-store-56793\/\">Ger\u00fcchteweise<\/a> liegt die App in Redmond bereits fertig im Schrank und der Konzern wolle nur noch den geeigneten Zeitpunkt f\u00fcr eine Ver\u00f6ffentlichung abwarten. Die heutige Veranstaltung in San Francisco scheint nicht nur aufgrund ihres Themas dazu geeignet, zur gleichen Zeit f\u00e4llt ein paar Meter weiter in San Francisco der Startschuss f\u00fcr die unabh\u00e4ngige Mac-Messe \u201eMacworld\/iWorld\u201c. Eine Veranstaltung mit gro\u00dfer Tradition, die allerdings seit dem Ausstieg Apples vor ein paar Jahren deutlich an Relevanz eingeb\u00fc\u00dft hat.<\/p>\n<p>Falls ihr besseres zu tun habt, als das Microsoft-Video anzusehen verpasst ihr nichts. \u00dcber relevante Ereignisse halten wir euch nat\u00fcrlich auch per Push-Nachricht auf dem Laufenden.<\/p>\n","protected":false},"excerpt":{"rendered":"<a href=\"https:\/\/www.ifun.de\/microsoft-keynote-als-livestream-kommt-office-fuer-ipad-57432\/\"><img width=\"150\" height=\"150\" src=\"https:\/\/images.ifun.de\/wp-content\/uploads\/2014\/03\/nadella-150x150.jpg\" class=\"alignright tfe wp-post-image\" alt=\"\" decoding=\"async\" loading=\"lazy\" \/><\/a><p>Die Chancen daf\u00fcr, dass Microsoft am heutigen Donnerstag eine Office-Version f\u00fcr das iPad ank\u00fcndigt stehen gut. Auf 18 Uhr unserer Zeit hat der neue Microsoft-Chef Satya Nadella ausgew\u00e4hlte Medienvertreter nach San Francisco eingeladen, um \u00fcber Cloud-Anwendungen und Mobilger\u00e4te zu sprechen. Bei Interesse k\u00f6nnt ihr die Veranstaltung live verfolgen, Microsoft bietet dazu einen Videostream an. Auf [&hellip;]<\/p>\n","protected":false},"author":2,"featured_media":57434,"comment_status":"open","ping_status":"closed","sticky":false,"template":"","format":"standard","meta":{"_acf_changed":false,"footnotes":""},"categories":[21],"tags":[4740,216,83],"class_list":["post-57432","post","type-post","status-publish","format-standard","has-post-thumbnail","hentry","category-windows","tag-ipad","tag-microsoft","tag-office"],"acf":[],"aioseo_notices":[],"featured_image":["http:\/\/images.ifun.de\/wp-content\/uploads\/2014\/03\/header122.jpg"],"rest_api_enabler":{"featured_image":"http:\/\/images.ifun.de\/wp-content\/uploads\/2014\/03\/header122.jpg"},"_links":{"self":[{"href":"https:\/\/www.ifun.de\/apiv2\/wp\/v2\/posts\/57432","targetHints":{"allow":["GET"]}}],"collection":[{"href":"https:\/\/www.ifun.de\/apiv2\/wp\/v2\/posts"}],"about":[{"href":"https:\/\/www.ifun.de\/apiv2\/wp\/v2\/types\/post"}],"author":[{"embeddable":true,"href":"https:\/\/www.ifun.de\/apiv2\/wp\/v2\/users\/2"}],"replies":[{"embeddable":true,"href":"https:\/\/www.ifun.de\/apiv2\/wp\/v2\/comments?post=57432"}],"version-history":[{"count":2,"href":"https:\/\/www.ifun.de\/apiv2\/wp\/v2\/posts\/57432\/revisions"}],"predecessor-version":[{"id":57436,"href":"https:\/\/www.ifun.de\/apiv2\/wp\/v2\/posts\/57432\/revisions\/57436"}],"wp:featuredmedia":[{"embeddable":true,"href":"https:\/\/www.ifun.de\/apiv2\/wp\/v2\/media\/57434"}],"wp:attachment":[{"href":"https:\/\/www.ifun.de\/apiv2\/wp\/v2\/media?parent=57432"}],"wp:term":[{"taxonomy":"category","embeddable":true,"href":"https:\/\/www.ifun.de\/apiv2\/wp\/v2\/categories?post=57432"},{"taxonomy":"post_tag","embeddable":true,"href":"https:\/\/www.ifun.de\/apiv2\/wp\/v2\/tags?post=57432"}],"curies":[{"name":"wp","href":"https:\/\/api.w.org\/{rel}","templated":true}]}}