{"id":57091,"date":"2014-03-21T08:50:14","date_gmt":"2014-03-21T07:50:14","guid":{"rendered":"http:\/\/www.ifun.de\/?p=57091"},"modified":"2014-03-21T08:50:42","modified_gmt":"2014-03-21T07:50:42","slug":"geburtstagsgruesse-von-erdogan-tuerkei-sperrt-twitter","status":"publish","type":"post","link":"https:\/\/www.ifun.de\/geburtstagsgruesse-von-erdogan-tuerkei-sperrt-twitter-57091\/","title":{"rendered":"Geburtstagsgr\u00fc\u00dfe von Erdogan: T\u00fcrkei sperrt Twitter"},"content":{"rendered":"<p>Die T\u00fcrkei macht <a href=\"https:\/\/twitter.com\/search?q=%23TurkeyBlockedTwitter&#038;src=tyah\">Twitter<\/a> kein sonderlich tolles Geburtstagsgeschenk. Die dortigen Machthaber haben den Kurznachrichtendienst offenbar deaktiviert.<\/p>\n<p><a href=\"http:\/\/images.ifun.de\/wp-content\/uploads\/2014\/03\/erdogan.jpg\"><img loading=\"lazy\" decoding=\"async\" src=\"http:\/\/images.ifun.de\/wp-content\/uploads\/2014\/03\/erdogan.jpg\" alt=\"erdogan\" width=\"500\" height=\"322\" class=\"aligncenter size-full wp-image-57096\" srcset=\"https:\/\/images.ifun.de\/wp-content\/uploads\/2014\/03\/erdogan.jpg 500w, https:\/\/images.ifun.de\/wp-content\/uploads\/2014\/03\/erdogan-300x193.jpg 300w\" sizes=\"auto, (max-width: 500px) 100vw, 500px\" \/><\/a><\/p>\n<h6>Bild: <a href=\"https:\/\/twitter.com\/TurkeyObserved\/status\/446896806459236352\">Turkey Observed<\/a><\/h6>\n<p>Twitter ist in der T\u00fcrkei seit letzter Nacht nicht mehr erreichbar und die t\u00fcrkische Zeitung \u201eH\u00fcrriyet\u201c berichtet laut <a href=\"http:\/\/www.spiegel.de\/netzwelt\/netzpolitik\/twitter-in-der-tuerkei-abgeschaltet-a-959945.html\">Spiegel Online<\/a>, dass die Sperrung damit zusammenh\u00e4nge, dass die Verantwortlichen von Twitter Gerichtsentscheidungen ignoriert h\u00e4tten. So sei die Plattform verpflichtet gewesen, bestimmte Links aufgrund von Beschwerden t\u00fcrkischer B\u00fcrger zu entfernen und habe dies nicht getan. Die <a href=\"http:\/\/www.tagesschau.de\/ausland\/twitter-tuerkei100.html\">Tagesschau<\/a> h\u00e4lt in diesem Zusammenhang auch eine Verbindung mit angeblichen Telefonmitschnitten des t\u00fcrkischen Ministerpr\u00e4sidenten Erdogan f\u00fcr m\u00f6glich.<\/p>\n<h2>8 Jahre Twitter<\/h2>\n<h5>Dein erster Tweet<\/h5>\n<p>Twitter feiert diese Woche seinen 8. Geburtstag und hat in diesem Zusammenhang ein besonderes Tool online gestellt. <a href=\"https:\/\/blog.twitter.com\/2014\/on-twitters-8th-birthday-find-your-first-tweet\">Discover your first Tweet<\/a> zeigt einem angemeldeten Nutzer automatisch den allerersten von ihm ver\u00f6ffentlichten Tweet an &#8211; inklusive Datum und genauer Uhrzeit.<\/p>\n","protected":false},"excerpt":{"rendered":"<a href=\"https:\/\/www.ifun.de\/geburtstagsgruesse-von-erdogan-tuerkei-sperrt-twitter-57091\/\"><img width=\"150\" height=\"150\" src=\"https:\/\/images.ifun.de\/wp-content\/uploads\/2014\/03\/icon61.jpg\" class=\"alignright tfe wp-post-image\" alt=\"\" decoding=\"async\" loading=\"lazy\" \/><\/a><p>Die T\u00fcrkei macht Twitter kein sonderlich tolles Geburtstagsgeschenk. Die dortigen Machthaber haben den Kurznachrichtendienst offenbar deaktiviert. Bild: Turkey Observed Twitter ist in der T\u00fcrkei seit letzter Nacht nicht mehr erreichbar und die t\u00fcrkische Zeitung \u201eH\u00fcrriyet\u201c berichtet laut Spiegel Online, dass die Sperrung damit zusammenh\u00e4nge, dass die Verantwortlichen von Twitter Gerichtsentscheidungen ignoriert h\u00e4tten. So sei die [&hellip;]<\/p>\n","protected":false},"author":2,"featured_media":57094,"comment_status":"open","ping_status":"closed","sticky":false,"template":"","format":"standard","meta":{"_acf_changed":false,"footnotes":""},"categories":[1],"tags":[118,1592,81],"class_list":["post-57091","post","type-post","status-publish","format-standard","has-post-thumbnail","hentry","category-news","tag-internet","tag-turkei","tag-twitter"],"acf":[],"aioseo_notices":[],"featured_image":["http:\/\/images.ifun.de\/wp-content\/uploads\/2014\/03\/header91.jpg","http:\/\/images.ifun.de\/wp-content\/uploads\/2014\/03\/header91.jpg"],"rest_api_enabler":{"featured_image":["http:\/\/images.ifun.de\/wp-content\/uploads\/2014\/03\/header91.jpg","http:\/\/images.ifun.de\/wp-content\/uploads\/2014\/03\/header91.jpg"]},"_links":{"self":[{"href":"https:\/\/www.ifun.de\/apiv2\/wp\/v2\/posts\/57091","targetHints":{"allow":["GET"]}}],"collection":[{"href":"https:\/\/www.ifun.de\/apiv2\/wp\/v2\/posts"}],"about":[{"href":"https:\/\/www.ifun.de\/apiv2\/wp\/v2\/types\/post"}],"author":[{"embeddable":true,"href":"https:\/\/www.ifun.de\/apiv2\/wp\/v2\/users\/2"}],"replies":[{"embeddable":true,"href":"https:\/\/www.ifun.de\/apiv2\/wp\/v2\/comments?post=57091"}],"version-history":[{"count":4,"href":"https:\/\/www.ifun.de\/apiv2\/wp\/v2\/posts\/57091\/revisions"}],"predecessor-version":[{"id":57099,"href":"https:\/\/www.ifun.de\/apiv2\/wp\/v2\/posts\/57091\/revisions\/57099"}],"wp:featuredmedia":[{"embeddable":true,"href":"https:\/\/www.ifun.de\/apiv2\/wp\/v2\/media\/57094"}],"wp:attachment":[{"href":"https:\/\/www.ifun.de\/apiv2\/wp\/v2\/media?parent=57091"}],"wp:term":[{"taxonomy":"category","embeddable":true,"href":"https:\/\/www.ifun.de\/apiv2\/wp\/v2\/categories?post=57091"},{"taxonomy":"post_tag","embeddable":true,"href":"https:\/\/www.ifun.de\/apiv2\/wp\/v2\/tags?post=57091"}],"curies":[{"name":"wp","href":"https:\/\/api.w.org\/{rel}","templated":true}]}}