{"id":56668,"date":"2014-03-14T20:55:28","date_gmt":"2014-03-14T19:55:28","guid":{"rendered":"http:\/\/www.ifun.de\/?p=56668"},"modified":"2014-03-14T21:05:19","modified_gmt":"2014-03-14T20:05:19","slug":"kurz-notiert-flux-update-office-fuer-ipad-und-ein-apple-tv-hintergrund-bug","status":"publish","type":"post","link":"https:\/\/www.ifun.de\/kurz-notiert-flux-update-office-fuer-ipad-und-ein-apple-tv-hintergrund-bug-56668\/","title":{"rendered":"Kurz notiert: Flux-Update, Office f\u00fcr iPad und ein Apple TV Hintergrund-Bug?"},"content":{"rendered":"<h2>Flux-Update<\/h2>\n<p>Den Bildschirm-Abdunkler <a href=\"http:\/\/justgetflux.com\/news\/pages\/mac\/\">Flux<\/a> hatten wir erst vor f\u00fcnf Tagen in den News. <\/p>\n<p><a href=\"http:\/\/images.ifun.de\/wp-content\/uploads\/2014\/03\/current.jpg\"><img loading=\"lazy\" decoding=\"async\" src=\"http:\/\/images.ifun.de\/wp-content\/uploads\/2014\/03\/current.jpg\" alt=\"current\" width=\"417\" height=\"198\" class=\"aligncenter size-full wp-image-56669\" srcset=\"https:\/\/images.ifun.de\/wp-content\/uploads\/2014\/03\/current.jpg 417w, https:\/\/images.ifun.de\/wp-content\/uploads\/2014\/03\/current-300x142.jpg 300w\" sizes=\"auto, (max-width: 417px) 100vw, 417px\" \/><\/a><\/p>\n<p>Am vergangenen Sonntag lieferte die Anwendung, mit der Mac- und Windows-Nutzer ihren Bildschirm passend zur Tageszeit w\u00e4rmer einf\u00e4rben und nicht ganz so hell erstrahlen lassen k\u00f6nnen, eines der gr\u00f6\u00dften Updates seit Monaten aus (<a href=\"http:\/\/www.ifun.de\/aktualisiert-flux-app-sorgt-fuer-tageszeitabhaengige-monitor-helligkeit-56209\/\">hier nachlesen<\/a>). Heute schubst die Freeware-Anwendung noch eine kleine Zusatzfunktionen hinterher.<\/p>\n<p><a href=\"http:\/\/justgetflux.com\/news\/pages\/mac\/\">Version 30.0<\/a> erg\u00e4nzt Flux um ein oft nachgefragtes Feature: Programm-Ausnahmen f\u00fcr ausgew\u00e4hlte Applikationen. So l\u00e4sst sich in den Flux-Einstellungen nun festlegen, dass die Bildschirm-Abdunklung beim Start vom z.B. Photoshop nicht mehr greifen soll, um eine realistischre Farbwiedergabe sicherzustellen. <\/p>\n<h2>Office f\u00fcr iPad<\/h2>\n<p>&#8222;Office f\u00fcr iPad&#8220;&#8230; Da sind wir schon wieder, einmal mehr bei der <a href=\"http:\/\/www.ifun.de\/microsoft-office-fuer-ipad-kommt-aber-dauert-noch-47894\/\">endlosen Geschichte<\/a>. Nach der <a href=\"http:\/\/www.ifun.de\/office-fuer-mac-kommt-dieses-jahr-neu-56432\/\">Ank\u00fcndigung Microsofts<\/a>, noch in diesem Jahr ein neues Office-Paket f\u00fcr den Mac vorstellen zu wollen, geht der neue Microsoft-Chef Satya Nadella gegen\u00fcber der Nachrichtenagentur <a href=\"http:\/\/www.reuters.com\/article\/2014\/03\/13\/us-microsoft-office-analysis-idUSBREA2C20320140313\">Reuters<\/a> jetzt erstmals auch auf die <a href=\"http:\/\/www.ifun.de\/microsoft-office-fuer-ipad-kommt-aber-dauert-noch-47894\/\">am 8. Oktober<\/a> wieder gr\u00fcndliche gesch\u00fcrten Ger\u00fcchte einer Tablet-Version des B\u00fcro-Paketes ein. <\/p>\n<p>Reuters schreibt: <\/p>\n<blockquote><p>Microsoft hat bereits eine vollst\u00e4ndige Office-Version f\u00fcr iPhone und iPad, die nur noch darauf wartet ver\u00f6ffentlicht zu werden [&#8230;] Die einzige Frage die im Raum steht ist, wann der neue Microsoft CEO, Satya Nadella, den Abzug bet\u00e4tigen wird.\n<\/p><\/blockquote>\n<p>Also, warten wir weiter. <\/p>\n<h2>Ein Apple TV Hintergrund-Bug?<\/h2>\n<p>Thomas macht auf ein ungew\u00f6hnliches Verhalten seiner &#8222;Apple TV&#8220;-Box aufmerksam und schickt ein Video als Diskussionsgrundlage f\u00fcr die Kommentare mit: <\/p>\n<blockquote><p>Hallo liebes ifun-Team. Ich wei\u00df nicht, ob es ein Bug oder ein Feature ist. Aber Apple TV verh\u00e4lt sich bei mir momentan anders als erwartet &#8211; aber ich finde es gut. S\u00e4mtliche Apps laufen im Hintergrund weiter. Tonwiedergabe bspw. bei Vevo&#8230; <\/p><\/blockquote>\n<p><div class=\"responsive-video\"><iframe loading=\"lazy\" width=\"700\" height=\"371\" src=\"http:\/\/www.youtube-nocookie.com\/embed\/aIKRVNhMhDk\" frameborder=\"0\" allowfullscreen><\/iframe><\/div> (<a href=\"http:\/\/youtu.be\/aIKRVNhMhDk\">Direkt-Link<\/a>)<\/p>\n","protected":false},"excerpt":{"rendered":"<a href=\"https:\/\/www.ifun.de\/kurz-notiert-flux-update-office-fuer-ipad-und-ein-apple-tv-hintergrund-bug-56668\/\"><img width=\"150\" height=\"150\" src=\"https:\/\/images.ifun.de\/wp-content\/uploads\/2014\/03\/current-150x150.jpg\" class=\"alignright tfe wp-post-image\" alt=\"\" decoding=\"async\" loading=\"lazy\" \/><\/a><p>Flux-Update Den Bildschirm-Abdunkler Flux hatten wir erst vor f\u00fcnf Tagen in den News. Am vergangenen Sonntag lieferte die Anwendung, mit der Mac- und Windows-Nutzer ihren Bildschirm passend zur Tageszeit w\u00e4rmer einf\u00e4rben und nicht ganz so hell erstrahlen lassen k\u00f6nnen, eines der gr\u00f6\u00dften Updates seit Monaten aus (hier nachlesen). Heute schubst die Freeware-Anwendung noch eine kleine [&hellip;]<\/p>\n","protected":false},"author":1,"featured_media":56669,"comment_status":"open","ping_status":"closed","sticky":false,"template":"","format":"standard","meta":{"_acf_changed":false,"footnotes":""},"categories":[1,15],"tags":[26,2254,216,83,6322],"class_list":["post-56668","post","type-post","status-publish","format-standard","has-post-thumbnail","hentry","category-news","category-kurznachrichten","tag-apple-tv","tag-flux","tag-microsoft","tag-office","tag-rumors"],"acf":[],"aioseo_notices":[],"featured_image":["http:\/\/images.ifun.de\/wp-content\/uploads\/2013\/10\/office-header.jpg"],"rest_api_enabler":{"featured_image":"http:\/\/images.ifun.de\/wp-content\/uploads\/2013\/10\/office-header.jpg"},"_links":{"self":[{"href":"https:\/\/www.ifun.de\/apiv2\/wp\/v2\/posts\/56668","targetHints":{"allow":["GET"]}}],"collection":[{"href":"https:\/\/www.ifun.de\/apiv2\/wp\/v2\/posts"}],"about":[{"href":"https:\/\/www.ifun.de\/apiv2\/wp\/v2\/types\/post"}],"author":[{"embeddable":true,"href":"https:\/\/www.ifun.de\/apiv2\/wp\/v2\/users\/1"}],"replies":[{"embeddable":true,"href":"https:\/\/www.ifun.de\/apiv2\/wp\/v2\/comments?post=56668"}],"version-history":[{"count":4,"href":"https:\/\/www.ifun.de\/apiv2\/wp\/v2\/posts\/56668\/revisions"}],"predecessor-version":[{"id":56673,"href":"https:\/\/www.ifun.de\/apiv2\/wp\/v2\/posts\/56668\/revisions\/56673"}],"wp:featuredmedia":[{"embeddable":true,"href":"https:\/\/www.ifun.de\/apiv2\/wp\/v2\/media\/56669"}],"wp:attachment":[{"href":"https:\/\/www.ifun.de\/apiv2\/wp\/v2\/media?parent=56668"}],"wp:term":[{"taxonomy":"category","embeddable":true,"href":"https:\/\/www.ifun.de\/apiv2\/wp\/v2\/categories?post=56668"},{"taxonomy":"post_tag","embeddable":true,"href":"https:\/\/www.ifun.de\/apiv2\/wp\/v2\/tags?post=56668"}],"curies":[{"name":"wp","href":"https:\/\/api.w.org\/{rel}","templated":true}]}}