{"id":56617,"date":"2014-03-14T09:35:50","date_gmt":"2014-03-14T08:35:50","guid":{"rendered":"http:\/\/www.ifun.de\/?p=56617"},"modified":"2014-03-14T15:14:41","modified_gmt":"2014-03-14T14:14:41","slug":"backofen-kur-behebt-grafikprobleme-beim-macbook-pro-2011","status":"publish","type":"post","link":"https:\/\/www.ifun.de\/backofen-kur-behebt-grafikprobleme-beim-macbook-pro-2011-56617\/","title":{"rendered":"Grafikprobleme: Backofen-Kur beim MacBook Pro 2011"},"content":{"rendered":"<p>\u00dcber die <a href=\"http:\/\/www.ifun.de\/macbook-pro-2011-mit-grafikproblemen-beim-modell-2013-streiken-eingabegeraete-49438\/\">Grafikprobleme beim MacBook Pro 2011<\/a> haben wir zuletzt im vergangenen Herbst berichtet. <\/p>\n<p><a href=\"http:\/\/images.ifun.de\/wp-content\/uploads\/2013\/10\/mbpro-grafikfehler.jpg\"><img loading=\"lazy\" decoding=\"async\" src=\"http:\/\/images.ifun.de\/wp-content\/uploads\/2013\/10\/mbpro-grafikfehler.jpg\" alt=\"mbpro-grafikfehler\" width=\"450\" height=\"336\" class=\"aligncenter size-full wp-image-49441\" srcset=\"https:\/\/images.ifun.de\/wp-content\/uploads\/2013\/10\/mbpro-grafikfehler.jpg 450w, https:\/\/images.ifun.de\/wp-content\/uploads\/2013\/10\/mbpro-grafikfehler-300x224.jpg 300w\" sizes=\"auto, (max-width: 450px) 100vw, 450px\" \/><\/a><\/p>\n<p>Die Monitor-Aussetzer, von denen nicht nur im offiziellen <a href=\"https:\/\/discussions.apple.com\/thread\/4766577?start=780&#038;tstart=0\">Support-Forum Apples<\/a>, sondern inzwischen auch auf eigens eingerichteten <a href=\"http:\/\/www.mbp2011.com\/\">Sonderseiten<\/a> ganz ausf\u00fchrlich berichtet wird, sind inzwischen hinl\u00e4nglich bekannt, warten aber immer noch auf eine Anerkennung bzw. ein Austausch-Programm aus Cupertino. <\/p>\n<h2>Um was geht es?<\/h2>\n<p>Mehrere Besitzer der Anfang 2011 eingef\u00fchrten MacBook Pro Generation berichten inzwischen von schweren Grafikfehlern. Die Liste der Problem-Beschreibungen reicht von leichten Verzerrungen der Monitor-Ausgabe bis hin zu komplett schwarzen Dipslays. Fehler, die an Apples <a href=\"http:\/\/www.ifun.de\/apple-tauscht-amd-grafikkarten-bei-27-imacs-aus-den-jahren-2011-und-2012-44730\/\">Probleme mit dem iMac<\/a> aus dem gleichen Jahr erinnern. F\u00fcr diesen wurde inzwischen ein <a href=\"http:\/\/www.ifun.de\/apple-tauscht-amd-grafikkarten-bei-27-imacs-aus-den-jahren-2011-und-2012-44730\/\">Austauschprogramm<\/a> ins Leben gerufen, f\u00fcr das MacBook Pro 2011 jedoch noch nicht. Was tun? <\/p>\n<p><a href=\"http:\/\/images.ifun.de\/wp-content\/uploads\/2014\/03\/ofen.jpg\"><img loading=\"lazy\" decoding=\"async\" src=\"http:\/\/images.ifun.de\/wp-content\/uploads\/2014\/03\/ofen.jpg\" alt=\"ofen\" width=\"700\" height=\"475\" class=\"aligncenter size-full wp-image-56618\" srcset=\"https:\/\/images.ifun.de\/wp-content\/uploads\/2014\/03\/ofen.jpg 700w, https:\/\/images.ifun.de\/wp-content\/uploads\/2014\/03\/ofen-300x203.jpg 300w\" sizes=\"auto, (max-width: 700px) 100vw, 700px\" \/><\/a><\/p>\n<p>Der MacBook-Nutzer Ale\u0161 Kocjan\u010di\u010d berichtet auf <a href=\"http:\/\/ales.io\/2014\/03\/09\/how-to-bake-a-mac.html\">seinem Blog ales.io<\/a> nun von einer ungew\u00f6hnlichen Selbsthilfe-Methode. Kocjan\u010di\u010d, der eine defekte L\u00f6tstelle auf seinem Logic-Board als Quelle des Grafik-Bugs vermutete, zerlegte sein MacBook und schob die Hauptplatine bei 170\u00b0 f\u00fcr sieben Minuten in den Backofen &#8211; erfolgreich: <\/p>\n<blockquote><p>Putting broken electronics in the oven and magically fixing them is not exactly a new concept for the PC overclocking crowd. And I wasn\u2019t a stranger to it either. I\u2019ve successfully done this process before with a borked Nvidia graphics card, but somehow doing the same thing on a $2000 laptop still felt weird. Truth be told, at the time I was confident it would work. AND IT DID! <\/p><\/blockquote>\n<p>Eine DIY-Methode, die wir euch nicht mit gutem Gewissen empfehlen k\u00f6nnen, sollte euer MacBook jedoch von \u00e4hnlichen Symptomen geplagt sein und sein Dasein als De-Facto-Elektroschrott in der Schrank-Schublade fristen, k\u00f6nnte die Backofen-Kur als &#8222;last resort&#8220; in Betracht gezogen werden. <\/p>\n<p><a href=\"http:\/\/images.ifun.de\/wp-content\/uploads\/2014\/03\/ofen-3-step.jpg\"><img loading=\"lazy\" decoding=\"async\" src=\"http:\/\/images.ifun.de\/wp-content\/uploads\/2014\/03\/ofen-3-step.jpg\" alt=\"ofen-3-step\" width=\"700\" height=\"251\" class=\"aligncenter size-full wp-image-56621\" srcset=\"https:\/\/images.ifun.de\/wp-content\/uploads\/2014\/03\/ofen-3-step.jpg 700w, https:\/\/images.ifun.de\/wp-content\/uploads\/2014\/03\/ofen-3-step-300x107.jpg 300w\" sizes=\"auto, (max-width: 700px) 100vw, 700px\" \/><\/a><\/p>\n","protected":false},"excerpt":{"rendered":"<a href=\"https:\/\/www.ifun.de\/backofen-kur-behebt-grafikprobleme-beim-macbook-pro-2011-56617\/\"><img width=\"150\" height=\"150\" src=\"https:\/\/images.ifun.de\/wp-content\/uploads\/2014\/03\/backofen-150x150.jpg\" class=\"alignright tfe wp-post-image\" alt=\"\" decoding=\"async\" loading=\"lazy\" \/><\/a><p>\u00dcber die Grafikprobleme beim MacBook Pro 2011 haben wir zuletzt im vergangenen Herbst berichtet. Die Monitor-Aussetzer, von denen nicht nur im offiziellen Support-Forum Apples, sondern inzwischen auch auf eigens eingerichteten Sonderseiten ganz ausf\u00fchrlich berichtet wird, sind inzwischen hinl\u00e4nglich bekannt, warten aber immer noch auf eine Anerkennung bzw. ein Austausch-Programm aus Cupertino. Um was geht es? [&hellip;]<\/p>\n","protected":false},"author":1,"featured_media":56619,"comment_status":"open","ping_status":"closed","sticky":false,"template":"","format":"standard","meta":{"_acf_changed":false,"footnotes":""},"categories":[16,1,1783],"tags":[531,164,1982,224,177],"class_list":["post-56617","post","type-post","status-publish","format-standard","has-post-thumbnail","hentry","category-mac","category-news","category-feature","tag-bug","tag-diy","tag-grafikkarte","tag-macbook-pro","tag-problem"],"acf":[],"aioseo_notices":[],"featured_image":["http:\/\/images.ifun.de\/wp-content\/uploads\/2014\/03\/backofen.jpg"],"rest_api_enabler":{"featured_image":"http:\/\/images.ifun.de\/wp-content\/uploads\/2014\/03\/backofen.jpg"},"_links":{"self":[{"href":"https:\/\/www.ifun.de\/apiv2\/wp\/v2\/posts\/56617","targetHints":{"allow":["GET"]}}],"collection":[{"href":"https:\/\/www.ifun.de\/apiv2\/wp\/v2\/posts"}],"about":[{"href":"https:\/\/www.ifun.de\/apiv2\/wp\/v2\/types\/post"}],"author":[{"embeddable":true,"href":"https:\/\/www.ifun.de\/apiv2\/wp\/v2\/users\/1"}],"replies":[{"embeddable":true,"href":"https:\/\/www.ifun.de\/apiv2\/wp\/v2\/comments?post=56617"}],"version-history":[{"count":5,"href":"https:\/\/www.ifun.de\/apiv2\/wp\/v2\/posts\/56617\/revisions"}],"predecessor-version":[{"id":56656,"href":"https:\/\/www.ifun.de\/apiv2\/wp\/v2\/posts\/56617\/revisions\/56656"}],"wp:featuredmedia":[{"embeddable":true,"href":"https:\/\/www.ifun.de\/apiv2\/wp\/v2\/media\/56619"}],"wp:attachment":[{"href":"https:\/\/www.ifun.de\/apiv2\/wp\/v2\/media?parent=56617"}],"wp:term":[{"taxonomy":"category","embeddable":true,"href":"https:\/\/www.ifun.de\/apiv2\/wp\/v2\/categories?post=56617"},{"taxonomy":"post_tag","embeddable":true,"href":"https:\/\/www.ifun.de\/apiv2\/wp\/v2\/tags?post=56617"}],"curies":[{"name":"wp","href":"https:\/\/api.w.org\/{rel}","templated":true}]}}