{"id":56432,"date":"2014-03-12T07:52:55","date_gmt":"2014-03-12T06:52:55","guid":{"rendered":"http:\/\/www.ifun.de\/?p=56432"},"modified":"2014-03-12T09:08:58","modified_gmt":"2014-03-12T08:08:58","slug":"office-fuer-mac-kommt-dieses-jahr-neu","status":"publish","type":"post","link":"https:\/\/www.ifun.de\/office-fuer-mac-kommt-dieses-jahr-neu-56432\/","title":{"rendered":"Office f\u00fcr Mac kommt dieses Jahr neu"},"content":{"rendered":"<p>Microsoft will in diesem Jahr eine neue Office-Version f\u00fcr Mac ver\u00f6ffentlichen. Dies gab der deutsche Microsoft-Office-Chef Thorsten H\u00fcbschen in einem Interview mit der <a href=\"http:\/\/www.computerwoche.de\/a\/dieses-jahr-kommt-ein-neues-office-fuer-mac,2555842\">Computerwoche<\/a> bekannt. Office:mac 2014 soll demnach im zweiten Quartal 2014 erscheinen und werde gro\u00dfen Kunden bereits pr\u00e4sentiert.<\/p>\n<p><a href=\"http:\/\/images.ifun.de\/wp-content\/uploads\/2014\/03\/office.jpg\"><img loading=\"lazy\" decoding=\"async\" src=\"http:\/\/images.ifun.de\/wp-content\/uploads\/2014\/03\/office.jpg\" alt=\"office\" width=\"500\" height=\"281\" class=\"aligncenter size-full wp-image-56436\" srcset=\"https:\/\/images.ifun.de\/wp-content\/uploads\/2014\/03\/office.jpg 500w, https:\/\/images.ifun.de\/wp-content\/uploads\/2014\/03\/office-300x168.jpg 300w\" sizes=\"auto, (max-width: 500px) 100vw, 500px\" \/><\/a><\/p>\n<p>Die <a href=\"http:\/\/clkde.tradedoubler.com\/click?p=81561&#038;a=747172&#038;g=18273342\">aktuell<\/a> f\u00fcr den Mac erh\u00e4ltliche Office-Version hat mittlerweile fast drei Jahre auf dem Buckel und wurde im letzten Jahr lediglich f\u00fcr die Nutzung mit Microsofts 365-Abo <a href=\"http:\/\/www.ifun.de\/microsoft-office-mac-teurer-35761\/\">angepasst<\/a>.<\/p>\n<p>Microsoft d\u00fcrfte neben einer technischen Aktualisierung insbesondere die Benutzeroberfl\u00e4che \u00fcberarbeiten. Vorbild soll laut H\u00fcbschen die aktuelle Windows-Version sein, man wolle aber spezifische Besonderheiten von anderen Plattformen ber\u00fccksichtigen und deren M\u00f6glichkeiten nutzen.<\/p>\n<p>Unabh\u00e4ngig von dem bereits verf\u00fcgbaren  <a href=\"http:\/\/www.iphone-ticker.de\/microsoft-office-fuers-iphone-im-deutschen-app-store-erhaeltlich-49285\/\">Office-Client f\u00fcr das iPhone<\/a> wird Microsoft wohl in diesem Jahr auch eine erweiterte iOS-Version f\u00fcr das iPad ver\u00f6ffentlichen. Zu diesem Thema h\u00e4lt sich der Konzern bis auf ein paar vage <a href=\"http:\/\/www.ifun.de\/microsoft-office-fuer-ipad-kommt-aber-dauert-noch-47894\/\">Andeutungen<\/a> in der Vergangenheit aber weiter bedeckt.<\/p>\n","protected":false},"excerpt":{"rendered":"<a href=\"https:\/\/www.ifun.de\/office-fuer-mac-kommt-dieses-jahr-neu-56432\/\"><img width=\"150\" height=\"150\" src=\"https:\/\/images.ifun.de\/wp-content\/uploads\/2014\/03\/icon30.jpg\" class=\"alignright tfe wp-post-image\" alt=\"\" decoding=\"async\" loading=\"lazy\" \/><\/a><p>Microsoft will in diesem Jahr eine neue Office-Version f\u00fcr Mac ver\u00f6ffentlichen. Dies gab der deutsche Microsoft-Office-Chef Thorsten H\u00fcbschen in einem Interview mit der Computerwoche bekannt. Office:mac 2014 soll demnach im zweiten Quartal 2014 erscheinen und werde gro\u00dfen Kunden bereits pr\u00e4sentiert. Die aktuell f\u00fcr den Mac erh\u00e4ltliche Office-Version hat mittlerweile fast drei Jahre auf dem Buckel [&hellip;]<\/p>\n","protected":false},"author":2,"featured_media":56435,"comment_status":"open","ping_status":"closed","sticky":false,"template":"","format":"standard","meta":{"_acf_changed":false,"footnotes":""},"categories":[16],"tags":[6321,216,83,52],"class_list":["post-56432","post","type-post","status-publish","format-standard","has-post-thumbnail","hentry","category-mac","tag-mac","tag-microsoft","tag-office","tag-software"],"acf":[],"aioseo_notices":[],"featured_image":["http:\/\/images.ifun.de\/wp-content\/uploads\/2014\/03\/header48.jpg"],"rest_api_enabler":{"featured_image":"http:\/\/images.ifun.de\/wp-content\/uploads\/2014\/03\/header48.jpg"},"_links":{"self":[{"href":"https:\/\/www.ifun.de\/apiv2\/wp\/v2\/posts\/56432","targetHints":{"allow":["GET"]}}],"collection":[{"href":"https:\/\/www.ifun.de\/apiv2\/wp\/v2\/posts"}],"about":[{"href":"https:\/\/www.ifun.de\/apiv2\/wp\/v2\/types\/post"}],"author":[{"embeddable":true,"href":"https:\/\/www.ifun.de\/apiv2\/wp\/v2\/users\/2"}],"replies":[{"embeddable":true,"href":"https:\/\/www.ifun.de\/apiv2\/wp\/v2\/comments?post=56432"}],"version-history":[{"count":4,"href":"https:\/\/www.ifun.de\/apiv2\/wp\/v2\/posts\/56432\/revisions"}],"predecessor-version":[{"id":56444,"href":"https:\/\/www.ifun.de\/apiv2\/wp\/v2\/posts\/56432\/revisions\/56444"}],"wp:featuredmedia":[{"embeddable":true,"href":"https:\/\/www.ifun.de\/apiv2\/wp\/v2\/media\/56435"}],"wp:attachment":[{"href":"https:\/\/www.ifun.de\/apiv2\/wp\/v2\/media?parent=56432"}],"wp:term":[{"taxonomy":"category","embeddable":true,"href":"https:\/\/www.ifun.de\/apiv2\/wp\/v2\/categories?post=56432"},{"taxonomy":"post_tag","embeddable":true,"href":"https:\/\/www.ifun.de\/apiv2\/wp\/v2\/tags?post=56432"}],"curies":[{"name":"wp","href":"https:\/\/api.w.org\/{rel}","templated":true}]}}