{"id":54652,"date":"2014-02-11T12:09:53","date_gmt":"2014-02-11T11:09:53","guid":{"rendered":"http:\/\/www.ifun.de\/?p=54652"},"modified":"2014-02-11T12:09:53","modified_gmt":"2014-02-11T11:09:53","slug":"apple-startet-deutsche-webseite-zu-30-jahre-mac","status":"publish","type":"post","link":"https:\/\/www.ifun.de\/apple-startet-deutsche-webseite-zu-30-jahre-mac-54652\/","title":{"rendered":"Apple startet deutsche Webseite zu 30 Jahre Mac"},"content":{"rendered":"<p>Mit rund zwei Wochen Versp\u00e4tung hat Apple die Sonderseite zu 30 Jahre Mac auch auf dem deutschen Webauftritt ver\u00f6ffentlicht. Die <a title=\"30 Jahre Mac\" href=\"http:\/\/www.apple.com\/de\/30-years\/\" target=\"_blank\">Pr\u00e4sentation<\/a> l\u00e4sst die Geschichte des Mac Revue passieren und zeigt im Video und in vielen kleinen Geschichten den Werdegang unseres geliebten Begleiters.<\/p>\n<p>Wie \u00fcblich geht es dabei zun\u00e4chst nicht um technische Daten, sondern um ein Lebensgef\u00fchl. Daher stehen in der Zeitleiste auch nicht die Ger\u00e4te im Vordergrund, sondern zun\u00e4chst Personen, die einen Mac genutzt haben. Da macht aus einer einfachen Produktschau eine spannende Zeitreise. Dabei nutzt Apple aktuelle Web-Trends, wie die Parallax-Steuerung, um das ganze umzusetzen. In der vertikalen Zeitleiste tauchen alle Macs, vom &#8222;Ur&#8220; Mac aus 1984, \u00fcber das erste PowerBook, den iMac, das MacBook Air bis zum aktuellen Mac Pro auf. Klickt man auf ein Ger\u00e4t, respektive ein Jahr, \u00f6ffnet sich die Ansicht einer Person mit einer kleinen Geschichte und pers\u00f6nlichen Fotos dazu. Erst wenn ihr weiter runter scrollt, kommt das eigentliche Ger\u00e4t zum Vorschein. Dieses wird dann ebenfalls mit ein paar S\u00e4tzen vorgestellt.<\/p>\n<p><a href=\"http:\/\/images.ifun.de\/wp-content\/uploads\/2014\/02\/30-Jahre-Mac-Zeitleiste.jpg\"><img loading=\"lazy\" decoding=\"async\" class=\"alignnone size-full wp-image-54661\" alt=\"30-Jahre-Mac-Zeitleiste\" src=\"http:\/\/images.ifun.de\/wp-content\/uploads\/2014\/02\/30-Jahre-Mac-Zeitleiste.jpg\" width=\"700\" height=\"705\" srcset=\"https:\/\/images.ifun.de\/wp-content\/uploads\/2014\/02\/30-Jahre-Mac-Zeitleiste.jpg 700w, https:\/\/images.ifun.de\/wp-content\/uploads\/2014\/02\/30-Jahre-Mac-Zeitleiste-150x150.jpg 150w, https:\/\/images.ifun.de\/wp-content\/uploads\/2014\/02\/30-Jahre-Mac-Zeitleiste-297x300.jpg 297w\" sizes=\"auto, (max-width: 700px) 100vw, 700px\" \/><\/a><\/p>\n<p>Au\u00dferdem k\u00f6nnt ihr auf der Seite noch bei der Umfrage &#8222;Mein erster Mac&#8220; mitmachen. Oder einfach einen Blick auf die aktuelle Auswertung werfen. Die Seite zeigt au\u00dferdem eine \u00dcbersicht &#8222;Was damit gemacht wurde&#8220;. Mit dem Slider stellt ihr die Jahreszahl ein und k\u00f6nnt sehen, wie sich das Nutzerverhalten ge\u00e4ndert hat.<\/p>\n<p><a href=\"http:\/\/images.ifun.de\/wp-content\/uploads\/2014\/02\/Mein-erster-Mac.jpg\"><img loading=\"lazy\" decoding=\"async\" class=\"alignnone size-full wp-image-54663\" alt=\"Mein-erster-Mac\" src=\"http:\/\/images.ifun.de\/wp-content\/uploads\/2014\/02\/Mein-erster-Mac.jpg\" width=\"700\" height=\"788\" srcset=\"https:\/\/images.ifun.de\/wp-content\/uploads\/2014\/02\/Mein-erster-Mac.jpg 700w, https:\/\/images.ifun.de\/wp-content\/uploads\/2014\/02\/Mein-erster-Mac-266x300.jpg 266w\" sizes=\"auto, (max-width: 700px) 100vw, 700px\" \/><\/a><\/p>\n<p>Um das ganze abzurunden hat Apple im Mac App Store ebenfalls eine Rubrik 30 Jahre Mac auf der Startseite platziert. Dort werden alle Apple-Apps im Store prominent angeboten.<\/p>\n<p>&nbsp;<\/p>\n","protected":false},"excerpt":{"rendered":"<a href=\"https:\/\/www.ifun.de\/apple-startet-deutsche-webseite-zu-30-jahre-mac-54652\/\"><img width=\"150\" height=\"150\" src=\"https:\/\/images.ifun.de\/wp-content\/uploads\/2014\/02\/30-Jahre-Mac-Square-150x150.jpg\" class=\"alignright tfe wp-post-image\" alt=\"\" decoding=\"async\" loading=\"lazy\" srcset=\"https:\/\/images.ifun.de\/wp-content\/uploads\/2014\/02\/30-Jahre-Mac-Square-150x150.jpg 150w, https:\/\/images.ifun.de\/wp-content\/uploads\/2014\/02\/30-Jahre-Mac-Square.jpg 250w\" sizes=\"auto, (max-width: 150px) 100vw, 150px\" \/><\/a><p>Mit rund zwei Wochen Versp\u00e4tung hat Apple die Sonderseite zu 30 Jahre Mac auch auf dem deutschen Webauftritt ver\u00f6ffentlicht. Die Pr\u00e4sentation l\u00e4sst die Geschichte des Mac Revue passieren und zeigt im Video und in vielen kleinen Geschichten den Werdegang unseres geliebten Begleiters. Wie \u00fcblich geht es dabei zun\u00e4chst nicht um technische Daten, sondern um ein [&hellip;]<\/p>\n","protected":false},"author":18,"featured_media":54659,"comment_status":"open","ping_status":"closed","sticky":false,"template":"","format":"standard","meta":{"_acf_changed":false,"footnotes":""},"categories":[3],"tags":[],"class_list":["post-54652","post","type-post","status-publish","format-standard","has-post-thumbnail","hentry","category-apple"],"acf":[],"aioseo_notices":[],"featured_image":["http:\/\/images.ifun.de\/wp-content\/uploads\/2014\/02\/30-Jahre-Mac-Featured.jpg"],"rest_api_enabler":{"featured_image":"http:\/\/images.ifun.de\/wp-content\/uploads\/2014\/02\/30-Jahre-Mac-Featured.jpg"},"_links":{"self":[{"href":"https:\/\/www.ifun.de\/apiv2\/wp\/v2\/posts\/54652","targetHints":{"allow":["GET"]}}],"collection":[{"href":"https:\/\/www.ifun.de\/apiv2\/wp\/v2\/posts"}],"about":[{"href":"https:\/\/www.ifun.de\/apiv2\/wp\/v2\/types\/post"}],"author":[{"embeddable":true,"href":"https:\/\/www.ifun.de\/apiv2\/wp\/v2\/users\/18"}],"replies":[{"embeddable":true,"href":"https:\/\/www.ifun.de\/apiv2\/wp\/v2\/comments?post=54652"}],"version-history":[{"count":10,"href":"https:\/\/www.ifun.de\/apiv2\/wp\/v2\/posts\/54652\/revisions"}],"predecessor-version":[{"id":54689,"href":"https:\/\/www.ifun.de\/apiv2\/wp\/v2\/posts\/54652\/revisions\/54689"}],"wp:featuredmedia":[{"embeddable":true,"href":"https:\/\/www.ifun.de\/apiv2\/wp\/v2\/media\/54659"}],"wp:attachment":[{"href":"https:\/\/www.ifun.de\/apiv2\/wp\/v2\/media?parent=54652"}],"wp:term":[{"taxonomy":"category","embeddable":true,"href":"https:\/\/www.ifun.de\/apiv2\/wp\/v2\/categories?post=54652"},{"taxonomy":"post_tag","embeddable":true,"href":"https:\/\/www.ifun.de\/apiv2\/wp\/v2\/tags?post=54652"}],"curies":[{"name":"wp","href":"https:\/\/api.w.org\/{rel}","templated":true}]}}