{"id":54064,"date":"2014-01-29T16:01:11","date_gmt":"2014-01-29T15:01:11","guid":{"rendered":"http:\/\/www.ifun.de\/?p=54064"},"modified":"2014-01-30T09:57:23","modified_gmt":"2014-01-30T08:57:23","slug":"grafikprobleme-beim-macbook-pro-2011-apple-zeigt-sich-nicht-kulant","status":"publish","type":"post","link":"https:\/\/www.ifun.de\/grafikprobleme-beim-macbook-pro-2011-apple-zeigt-sich-nicht-kulant-54064\/","title":{"rendered":"Grafikprobleme beim MacBook Pro 2011: Apple zeigt sich nicht kulant"},"content":{"rendered":"<p>Vor drei Monaten haben wir erstmals \u00fcber die Grafikprobleme beim MacBook Pro 2011 <a href=\"http:\/\/www.ifun.de\/macbook-pro-2011-mit-grafikproblemen-beim-modell-2013-streiken-eingabegeraete-49438\/\">berichtet<\/a>. Ge\u00e4ndert hat sich seither nichts: Unz\u00e4hlige Anwender sind betroffen aber Apple weigert sich, einen Produktfehler anzuerkennen und ein Austauschprogramm ins Leben zu rufen, wie es beim von \u00e4hnlichen Problemen geplagten iMac 2011 <a href=\"http:\/\/www.ifun.de\/apple-tauscht-amd-grafikkarten-bei-27-imacs-aus-den-jahren-2011-und-2012-44730\/\">der Fall war<\/a>.<\/p>\n<p><a href=\"http:\/\/images.ifun.de\/wp-content\/uploads\/2014\/01\/50041.jpg\"><img loading=\"lazy\" decoding=\"async\" src=\"http:\/\/images.ifun.de\/wp-content\/uploads\/2014\/01\/50041.jpg\" alt=\"500\" width=\"500\" height=\"281\" class=\"aligncenter size-full wp-image-54066\" srcset=\"https:\/\/images.ifun.de\/wp-content\/uploads\/2014\/01\/50041.jpg 500w, https:\/\/images.ifun.de\/wp-content\/uploads\/2014\/01\/50041-300x168.jpg 300w\" sizes=\"auto, (max-width: 500px) 100vw, 500px\" \/><\/a><\/p>\n<p>Betroffene MacBook-Besitzer \u00e4u\u00dfern sich in den <a href=\"https:\/\/discussions.apple.com\/thread\/4766577?start=2910&#038;tstart=0\">Apple-Diskussionsforen<\/a> zuhauf, zudem widmen sich inzwischen eine <a href=\"http:\/\/www.mbp2011.com\">eigene Webseiten<\/a> sowie eine <a href=\"http:\/\/www.change.org\/en-AU\/petitions\/timothy-d-cook-replace-or-fix-all-early-2011-macbook-pro-with-graphics-failure\">Online-Petition<\/a> dem Thema.<\/p>\n<p>Konkret scheint es so, als sei der in den betroffenen MacBooks verbaute AMD-Grafikprozessor f\u00fcr die Bildst\u00f6rungen verantortlich, die bis hin zum Komplettausfall der Grafik reichen. Der zus\u00e4tzlich zur Intel-Grafik verbaute Radeon-Prozessor wird wohl im Betrieb zu hei\u00df. Unklar ist, ob die Probleme ausschlie\u00dflich aufgrund von Alterung an den Tag treten oder ob OS X Mavericks hier eine Mitschuld tr\u00e4gt.<\/p>\n<p>Wer sich mit dem Problem an Apple wendet, bekommt f\u00fcr rund 500 Euro den kostenpflichtigen Austausch des Logic Boards angeboten. Viel Geld bei einem gerade mal zweieinhalb Jahre alten MacBook. Ob das Problem damit dann endg\u00fcltig beseitigt oder aufgeschoben ist, bleibt zudem offen.<\/p>\n<p>Der Tausch der AMD-Grafik alleine bringt offenbar nichts. Ein Leser berichtet uns, dass er nur wenige Wochen sp\u00e4ter wieder vor den gleichen Problemen steht.<\/p>\n","protected":false},"excerpt":{"rendered":"<a href=\"https:\/\/www.ifun.de\/grafikprobleme-beim-macbook-pro-2011-apple-zeigt-sich-nicht-kulant-54064\/\"><img width=\"150\" height=\"150\" src=\"https:\/\/images.ifun.de\/wp-content\/uploads\/2014\/01\/50041-150x150.jpg\" class=\"alignright tfe wp-post-image\" alt=\"\" decoding=\"async\" loading=\"lazy\" \/><\/a><p>Vor drei Monaten haben wir erstmals \u00fcber die Grafikprobleme beim MacBook Pro 2011 berichtet. Ge\u00e4ndert hat sich seither nichts: Unz\u00e4hlige Anwender sind betroffen aber Apple weigert sich, einen Produktfehler anzuerkennen und ein Austauschprogramm ins Leben zu rufen, wie es beim von \u00e4hnlichen Problemen geplagten iMac 2011 der Fall war. Betroffene MacBook-Besitzer \u00e4u\u00dfern sich in den [&hellip;]<\/p>\n","protected":false},"author":2,"featured_media":54066,"comment_status":"open","ping_status":"closed","sticky":false,"template":"","format":"standard","meta":{"_acf_changed":false,"footnotes":""},"categories":[16,1783],"tags":[1981,200,224,177],"class_list":["post-54064","post","type-post","status-publish","format-standard","has-post-thumbnail","hentry","category-mac","category-feature","tag-amd","tag-grafik","tag-macbook-pro","tag-problem"],"acf":[],"aioseo_notices":[],"featured_image":["http:\/\/images.ifun.de\/wp-content\/uploads\/2014\/01\/header116.jpg"],"rest_api_enabler":{"featured_image":"http:\/\/images.ifun.de\/wp-content\/uploads\/2014\/01\/header116.jpg"},"_links":{"self":[{"href":"https:\/\/www.ifun.de\/apiv2\/wp\/v2\/posts\/54064","targetHints":{"allow":["GET"]}}],"collection":[{"href":"https:\/\/www.ifun.de\/apiv2\/wp\/v2\/posts"}],"about":[{"href":"https:\/\/www.ifun.de\/apiv2\/wp\/v2\/types\/post"}],"author":[{"embeddable":true,"href":"https:\/\/www.ifun.de\/apiv2\/wp\/v2\/users\/2"}],"replies":[{"embeddable":true,"href":"https:\/\/www.ifun.de\/apiv2\/wp\/v2\/comments?post=54064"}],"version-history":[{"count":5,"href":"https:\/\/www.ifun.de\/apiv2\/wp\/v2\/posts\/54064\/revisions"}],"predecessor-version":[{"id":54108,"href":"https:\/\/www.ifun.de\/apiv2\/wp\/v2\/posts\/54064\/revisions\/54108"}],"wp:featuredmedia":[{"embeddable":true,"href":"https:\/\/www.ifun.de\/apiv2\/wp\/v2\/media\/54066"}],"wp:attachment":[{"href":"https:\/\/www.ifun.de\/apiv2\/wp\/v2\/media?parent=54064"}],"wp:term":[{"taxonomy":"category","embeddable":true,"href":"https:\/\/www.ifun.de\/apiv2\/wp\/v2\/categories?post=54064"},{"taxonomy":"post_tag","embeddable":true,"href":"https:\/\/www.ifun.de\/apiv2\/wp\/v2\/tags?post=54064"}],"curies":[{"name":"wp","href":"https:\/\/api.w.org\/{rel}","templated":true}]}}