{"id":53669,"date":"2014-01-22T16:59:20","date_gmt":"2014-01-22T15:59:20","guid":{"rendered":"http:\/\/www.ifun.de\/?p=53669"},"modified":"2014-01-22T17:01:53","modified_gmt":"2014-01-22T16:01:53","slug":"neuer-mac-mini-kommt-angeblich-ende-februar","status":"publish","type":"post","link":"https:\/\/www.ifun.de\/neuer-mac-mini-kommt-angeblich-ende-februar-53669\/","title":{"rendered":"Neuer Mac mini angeblich Ende Februar"},"content":{"rendered":"<p>Der <a href=\"http:\/\/ifun.de\/applestore\/http:\/\/store.apple.com\/de\/go\/ipad\">Mac mini<\/a> hat sein letztes Update im <a href=\"http:\/\/www.ifun.de\/apple-stellt-neuen-unglaublich-dunnen-imac-vor-30860\/\">Oktober 2012<\/a> gesehen, dementsprechend warten Kaufinteressenten sehnlichst auf eine Aktualisierung des kleinen Rechners. Ende Februar k\u00f6nnte es endlich soweit sein. Ein <a href=\"http:\/\/www.computerstore.be\">belgischer Computerh\u00e4ndler<\/a> k\u00fcndigt f\u00fcr Ende Februar die Vorstellung neuer Modelle mit Intels Haswell-Prozessoren an und beruft sich dabei auf Informationen \u201edirekt von Apple oder verl\u00e4sslichen Quellen\u201c. Von dort k\u00e4me auch der in diesem Zusammenhang genannte Termin &#8222;Ende Februar&#8220;.<\/p>\n<p><a href=\"http:\/\/images.ifun.de\/wp-content\/uploads\/2014\/01\/macmini-belgien.jpg\"><img loading=\"lazy\" decoding=\"async\" src=\"http:\/\/images.ifun.de\/wp-content\/uploads\/2014\/01\/macmini-belgien.jpg\" alt=\"macmini-belgien\" width=\"500\" height=\"339\" class=\"aligncenter size-full wp-image-53671\" srcset=\"https:\/\/images.ifun.de\/wp-content\/uploads\/2014\/01\/macmini-belgien.jpg 500w, https:\/\/images.ifun.de\/wp-content\/uploads\/2014\/01\/macmini-belgien-300x203.jpg 300w\" sizes=\"auto, (max-width: 500px) 100vw, 500px\" \/><\/a><\/p>\n<p>Einen Aktualisierung der technischen Komponenten w\u00fcrde dem Mac mini in jedem Fall gut stehen und sollte so oder so nicht mehr allzu lange auf sich warten lassen. Neben einem Upgrade auf i7- bzw. i5-Prozessoren von Intel darf auch davon ausgegangen werden, dass Apple die Rechner mit Thunderbolt 2, 802.11ac-WLAN und aktuellen Grafikprozessoren ausstattet.<\/p>\n<p>Passend zu dieser Meldung zeigen sich die Regale in <a href=\"http:\/\/ifun.de\/applestore\/http:\/\/store.apple.com\/de\/go\/specialdeals\">Apples Refurb Store <\/a> derzeit mit verschiedenen Mac-mini-Modellen gut gef\u00fcllt. Es w\u00e4re nicht das erste Mal, dass Apple im Vorfeld einer Produktneuvorstellung durch eine Art Ausverkauf Platz f\u00fcr das neue Modell schafft.(via <a href=\"http:\/\/www.macrumors.com\">Mac Rumors<\/a>)<\/p>\n","protected":false},"excerpt":{"rendered":"<a href=\"https:\/\/www.ifun.de\/neuer-mac-mini-kommt-angeblich-ende-februar-53669\/\"><img width=\"150\" height=\"150\" src=\"https:\/\/images.ifun.de\/wp-content\/uploads\/2014\/01\/icon77.jpg\" class=\"alignright tfe wp-post-image\" alt=\"\" decoding=\"async\" loading=\"lazy\" \/><\/a><p>Der Mac mini hat sein letztes Update im Oktober 2012 gesehen, dementsprechend warten Kaufinteressenten sehnlichst auf eine Aktualisierung des kleinen Rechners. Ende Februar k\u00f6nnte es endlich soweit sein. Ein belgischer Computerh\u00e4ndler k\u00fcndigt f\u00fcr Ende Februar die Vorstellung neuer Modelle mit Intels Haswell-Prozessoren an und beruft sich dabei auf Informationen \u201edirekt von Apple oder verl\u00e4sslichen Quellen\u201c. [&hellip;]<\/p>\n","protected":false},"author":2,"featured_media":53670,"comment_status":"open","ping_status":"closed","sticky":false,"template":"","format":"standard","meta":{"_acf_changed":false,"footnotes":""},"categories":[16],"tags":[3910,515],"class_list":["post-53669","post","type-post","status-publish","format-standard","has-post-thumbnail","hentry","category-mac","tag-geruechte","tag-mac-mini"],"acf":[],"aioseo_notices":[],"featured_image":["http:\/\/images.ifun.de\/wp-content\/uploads\/2014\/01\/macminiheader.jpg"],"rest_api_enabler":{"featured_image":"http:\/\/images.ifun.de\/wp-content\/uploads\/2014\/01\/macminiheader.jpg"},"_links":{"self":[{"href":"https:\/\/www.ifun.de\/apiv2\/wp\/v2\/posts\/53669","targetHints":{"allow":["GET"]}}],"collection":[{"href":"https:\/\/www.ifun.de\/apiv2\/wp\/v2\/posts"}],"about":[{"href":"https:\/\/www.ifun.de\/apiv2\/wp\/v2\/types\/post"}],"author":[{"embeddable":true,"href":"https:\/\/www.ifun.de\/apiv2\/wp\/v2\/users\/2"}],"replies":[{"embeddable":true,"href":"https:\/\/www.ifun.de\/apiv2\/wp\/v2\/comments?post=53669"}],"version-history":[{"count":5,"href":"https:\/\/www.ifun.de\/apiv2\/wp\/v2\/posts\/53669\/revisions"}],"predecessor-version":[{"id":53677,"href":"https:\/\/www.ifun.de\/apiv2\/wp\/v2\/posts\/53669\/revisions\/53677"}],"wp:featuredmedia":[{"embeddable":true,"href":"https:\/\/www.ifun.de\/apiv2\/wp\/v2\/media\/53670"}],"wp:attachment":[{"href":"https:\/\/www.ifun.de\/apiv2\/wp\/v2\/media?parent=53669"}],"wp:term":[{"taxonomy":"category","embeddable":true,"href":"https:\/\/www.ifun.de\/apiv2\/wp\/v2\/categories?post=53669"},{"taxonomy":"post_tag","embeddable":true,"href":"https:\/\/www.ifun.de\/apiv2\/wp\/v2\/tags?post=53669"}],"curies":[{"name":"wp","href":"https:\/\/api.w.org\/{rel}","templated":true}]}}