{"id":53413,"date":"2014-01-17T09:46:40","date_gmt":"2014-01-17T08:46:40","guid":{"rendered":"http:\/\/www.ifun.de\/?p=53413"},"modified":"2014-01-17T09:47:58","modified_gmt":"2014-01-17T08:47:58","slug":"ehemalige-apple-manager-retten-tv-hersteller-loewe","status":"publish","type":"post","link":"https:\/\/www.ifun.de\/ehemalige-apple-manager-retten-tv-hersteller-loewe-53413\/","title":{"rendered":"Ehemalige Apple Manager retten TV-Hersteller LOEWE"},"content":{"rendered":"<p>Der angeschlagene TV-Ger\u00e4tehersteller LOEWE stand in der Vergangenheit nicht nur wegen der in unregelm\u00e4\u00dfigen Abst\u00e4nden aufkommenden Ger\u00fcchte einer bevorstehenden <a href=\"http:\/\/www.ifun.de\/apple-loewe-uebernahme-boerse-35545\/\">Apple-\u00dcbernahme<\/a> in den Schlagzeilen; vor allem die zum Teil als unausweichlich <a href=\"http:\/\/www.ifun.de\/loewe-stellt-offenbar-insolvenzantrag-47378\/\">beschriebene Insolvenz<\/a> sorgte f\u00fcr eine gro\u00dfe mediale Pr\u00e4senz des Traditionsunternehmens.<\/p>\n<p><a href=\"http:\/\/images.ifun.de\/wp-content\/uploads\/2014\/01\/connect-werbung.jpg\"><img loading=\"lazy\" decoding=\"async\" src=\"http:\/\/images.ifun.de\/wp-content\/uploads\/2014\/01\/connect-werbung.jpg\" alt=\"connect-werbung\" width=\"464\" height=\"349\" class=\"aligncenter size-full wp-image-53414\" srcset=\"https:\/\/images.ifun.de\/wp-content\/uploads\/2014\/01\/connect-werbung.jpg 464w, https:\/\/images.ifun.de\/wp-content\/uploads\/2014\/01\/connect-werbung-300x225.jpg 300w\" sizes=\"auto, (max-width: 464px) 100vw, 464px\" \/><\/a><\/p>\n<p>Nun scheint LOEWE dem Tod noch mal von der Schippe gesprungen zu sein. So hat sich jetzt eine Unternehmer-Gruppe, zu der sowohl fr\u00fchere Apple-F\u00fchrungskr\u00e4fte aus Cupertino als auch ehemalige Bang &#038; Olufsen-Mitarbeiter z\u00e4hlen, zur \u00dcbernahme des laufenden LOEWE-Gesch\u00e4ftes entschieden und will das Unternehmen st\u00e4rker auf den digitalen Markt ausrichten. <\/p>\n<p>Die Tagesschau <a href=\"http:\/\/www.tagesschau.de\/wirtschaft\/loewe120.html\">berichtet<\/a>: <\/p>\n<blockquote><p>Technisch ist die \u00dcbernahme als sogenannter &#8222;Asset Deal&#8220;, das hei\u00dft als \u00dcbertragung von Verm\u00f6genswerten, geplant. Der verbleibende Mantel der Loewe AG soll von der B\u00f6rse genommen und abgewickelt werden. Hauptaktion\u00e4r der AG war bisher nach Angaben von Loewe das japanische Elektronikunternehmen Sharp mit knapp 29 Prozent der Anteile, der Streubesitz lag bei mehr als 60 Prozent.\n<\/p><\/blockquote>\n","protected":false},"excerpt":{"rendered":"<a href=\"https:\/\/www.ifun.de\/ehemalige-apple-manager-retten-tv-hersteller-loewe-53413\/\"><img width=\"150\" height=\"150\" src=\"https:\/\/images.ifun.de\/wp-content\/uploads\/2014\/01\/connect-werbung-150x150.jpg\" class=\"alignright tfe wp-post-image\" alt=\"\" decoding=\"async\" loading=\"lazy\" \/><\/a><p>Der angeschlagene TV-Ger\u00e4tehersteller LOEWE stand in der Vergangenheit nicht nur wegen der in unregelm\u00e4\u00dfigen Abst\u00e4nden aufkommenden Ger\u00fcchte einer bevorstehenden Apple-\u00dcbernahme in den Schlagzeilen; vor allem die zum Teil als unausweichlich beschriebene Insolvenz sorgte f\u00fcr eine gro\u00dfe mediale Pr\u00e4senz des Traditionsunternehmens. Nun scheint LOEWE dem Tod noch mal von der Schippe gesprungen zu sein. So hat [&hellip;]<\/p>\n","protected":false},"author":1,"featured_media":53414,"comment_status":"open","ping_status":"closed","sticky":false,"template":"","format":"standard","meta":{"_acf_changed":false,"footnotes":""},"categories":[1],"tags":[4736,115,655,59],"class_list":["post-53413","post","type-post","status-publish","format-standard","has-post-thumbnail","hentry","category-news","tag-apple","tag-geld","tag-loewe","tag-tv"],"acf":[],"aioseo_notices":[],"featured_image":["http:\/\/images.ifun.de\/wp-content\/uploads\/2013\/10\/loewe-header.jpg"],"rest_api_enabler":{"featured_image":"http:\/\/images.ifun.de\/wp-content\/uploads\/2013\/10\/loewe-header.jpg"},"_links":{"self":[{"href":"https:\/\/www.ifun.de\/apiv2\/wp\/v2\/posts\/53413","targetHints":{"allow":["GET"]}}],"collection":[{"href":"https:\/\/www.ifun.de\/apiv2\/wp\/v2\/posts"}],"about":[{"href":"https:\/\/www.ifun.de\/apiv2\/wp\/v2\/types\/post"}],"author":[{"embeddable":true,"href":"https:\/\/www.ifun.de\/apiv2\/wp\/v2\/users\/1"}],"replies":[{"embeddable":true,"href":"https:\/\/www.ifun.de\/apiv2\/wp\/v2\/comments?post=53413"}],"version-history":[{"count":2,"href":"https:\/\/www.ifun.de\/apiv2\/wp\/v2\/posts\/53413\/revisions"}],"predecessor-version":[{"id":53416,"href":"https:\/\/www.ifun.de\/apiv2\/wp\/v2\/posts\/53413\/revisions\/53416"}],"wp:featuredmedia":[{"embeddable":true,"href":"https:\/\/www.ifun.de\/apiv2\/wp\/v2\/media\/53414"}],"wp:attachment":[{"href":"https:\/\/www.ifun.de\/apiv2\/wp\/v2\/media?parent=53413"}],"wp:term":[{"taxonomy":"category","embeddable":true,"href":"https:\/\/www.ifun.de\/apiv2\/wp\/v2\/categories?post=53413"},{"taxonomy":"post_tag","embeddable":true,"href":"https:\/\/www.ifun.de\/apiv2\/wp\/v2\/tags?post=53413"}],"curies":[{"name":"wp","href":"https:\/\/api.w.org\/{rel}","templated":true}]}}