{"id":52602,"date":"2014-01-02T09:07:52","date_gmt":"2014-01-02T08:07:52","guid":{"rendered":"http:\/\/www.ifun.de\/?p=52602"},"modified":"2014-01-02T09:07:52","modified_gmt":"2014-01-02T08:07:52","slug":"mac-pro-das-innenleben-im-detail-nicht-alle-4k-bildschirme-unterstuetzt","status":"publish","type":"post","link":"https:\/\/www.ifun.de\/mac-pro-das-innenleben-im-detail-nicht-alle-4k-bildschirme-unterstuetzt-52602\/","title":{"rendered":"Mac Pro: Das Innenleben im Detail, nicht alle 4K-Bildschirme unterst\u00fctzt"},"content":{"rendered":"<p>Erste <a href=\"http:\/\/www.ifun.de\/mac-pro-prozessor-grafik-upgrade-52475\/\">Bilder<\/a> vom Inneren des neuen Mac Pro haben wir ja bereits gesehen. <a href=\"http:\/\/www.ifixit.com\/Teardown\/Mac+Pro+Late+2013+Teardown\/20778\">iFixit<\/a> legt nun in gewohnter Qualit\u00e4t mit einer detaillierten und fotografisch gut dokumentierten Schrauberarbeit nach.<\/p>\n<p><a href=\"http:\/\/images.ifun.de\/wp-content\/uploads\/2014\/01\/5001.jpg\"><img loading=\"lazy\" decoding=\"async\" src=\"http:\/\/images.ifun.de\/wp-content\/uploads\/2014\/01\/5001.jpg\" alt=\"500\" width=\"500\" height=\"375\" class=\"aligncenter size-full wp-image-52604\" srcset=\"https:\/\/images.ifun.de\/wp-content\/uploads\/2014\/01\/5001.jpg 500w, https:\/\/images.ifun.de\/wp-content\/uploads\/2014\/01\/5001-300x225.jpg 300w\" sizes=\"auto, (max-width: 500px) 100vw, 500px\" \/><\/a><\/p>\n<p>Apples leistungsf\u00e4higster Rechner ist offenbar darauf ausgelegt, dass sein Besitzer ohne viel Aufwand Zugriff auf die wesentlichen Komponenten hat. Die zylinderf\u00f6rmige H\u00fclle l\u00e4sst sich einfach einfach entriegeln und abnehmen, um den Zugriff auf Arbeits- und Festplattenspeicher freizugeben. Dementsprechend einfach lie\u00dfe sich das Ger\u00e4t auch reparieren bzw. der Austausch von Komponenten vornehmen.<\/p>\n<h2>Noch nicht alle 4K-Bildschirme unterst\u00fctzt<\/h2>\n<p><a href=\"http:\/\/www.anandtech.com\/show\/7603\/mac-pro-review-late-2013\/11\">Anandtech<\/a> ist bekannt f\u00fcr ausf\u00fchrliche und in technischer Hinsicht hochkompetente Hardware-Reviews. Mit Blick auf die Verwendung von 4K-Bildschirmen am neuen Mac Pro berichtet die Webseite, dass w\u00e4hrend der offiziell von Apple angebotene Sharp-Bildschirm PN-K321 problemlos automatisch erkannt wird, ein \u201eUltraSharp 24\u201c-Bildschirm von Dell nicht voll unterst\u00fctzt werde und somit nicht mit allen Aufl\u00f6sungen zur Verf\u00fcgung st\u00fcnde. Dergleichen sollte sich aber von Apple kurzfristig mithilfe eines Software-Updates beheben lassen.<\/p>\n<h2>Lieferung fr\u00fchestens im Februar<\/h2>\n<p>Wer sich heute f\u00fcr den Kauf eines Mac Pro entscheidet, hat allerdings auch noch gen\u00fcgend Zeit, sich nach einem passenden Bildschirm umzusehen. Im <a href=\"http:\/\/ifun.de\/applestore\/http:\/\/store.apple.com\/de\/go\/home\">Apple Store<\/a> wird der fr\u00fcheste Versandtermin f\u00fcr beide Standardkonfigurationen weiterhin mit \u201eFebruar\u201c angegeben.<\/p>\n","protected":false},"excerpt":{"rendered":"<a href=\"https:\/\/www.ifun.de\/mac-pro-das-innenleben-im-detail-nicht-alle-4k-bildschirme-unterstuetzt-52602\/\"><img width=\"150\" height=\"150\" src=\"https:\/\/images.ifun.de\/wp-content\/uploads\/2014\/01\/macpro-icon.jpg\" class=\"alignright tfe wp-post-image\" alt=\"\" decoding=\"async\" loading=\"lazy\" \/><\/a><p>Erste Bilder vom Inneren des neuen Mac Pro haben wir ja bereits gesehen. iFixit legt nun in gewohnter Qualit\u00e4t mit einer detaillierten und fotografisch gut dokumentierten Schrauberarbeit nach. Apples leistungsf\u00e4higster Rechner ist offenbar darauf ausgelegt, dass sein Besitzer ohne viel Aufwand Zugriff auf die wesentlichen Komponenten hat. Die zylinderf\u00f6rmige H\u00fclle l\u00e4sst sich einfach einfach entriegeln [&hellip;]<\/p>\n","protected":false},"author":2,"featured_media":52606,"comment_status":"open","ping_status":"closed","sticky":false,"template":"","format":"standard","meta":{"_acf_changed":false,"footnotes":""},"categories":[16],"tags":[474,241,200,1238,795,123],"class_list":["post-52602","post","type-post","status-publish","format-standard","has-post-thumbnail","hentry","category-mac","tag-auflosung","tag-bildschirm","tag-grafik","tag-mac-pro","tag-ram","tag-reparatur"],"acf":[],"aioseo_notices":[],"featured_image":["http:\/\/images.ifun.de\/wp-content\/uploads\/2014\/01\/macpro-header.jpg","http:\/\/images.ifun.de\/wp-content\/uploads\/2014\/01\/macpro-header.jpg"],"rest_api_enabler":{"featured_image":["http:\/\/images.ifun.de\/wp-content\/uploads\/2014\/01\/macpro-header.jpg","http:\/\/images.ifun.de\/wp-content\/uploads\/2014\/01\/macpro-header.jpg"]},"_links":{"self":[{"href":"https:\/\/www.ifun.de\/apiv2\/wp\/v2\/posts\/52602","targetHints":{"allow":["GET"]}}],"collection":[{"href":"https:\/\/www.ifun.de\/apiv2\/wp\/v2\/posts"}],"about":[{"href":"https:\/\/www.ifun.de\/apiv2\/wp\/v2\/types\/post"}],"author":[{"embeddable":true,"href":"https:\/\/www.ifun.de\/apiv2\/wp\/v2\/users\/2"}],"replies":[{"embeddable":true,"href":"https:\/\/www.ifun.de\/apiv2\/wp\/v2\/comments?post=52602"}],"version-history":[{"count":5,"href":"https:\/\/www.ifun.de\/apiv2\/wp\/v2\/posts\/52602\/revisions"}],"predecessor-version":[{"id":52610,"href":"https:\/\/www.ifun.de\/apiv2\/wp\/v2\/posts\/52602\/revisions\/52610"}],"wp:featuredmedia":[{"embeddable":true,"href":"https:\/\/www.ifun.de\/apiv2\/wp\/v2\/media\/52606"}],"wp:attachment":[{"href":"https:\/\/www.ifun.de\/apiv2\/wp\/v2\/media?parent=52602"}],"wp:term":[{"taxonomy":"category","embeddable":true,"href":"https:\/\/www.ifun.de\/apiv2\/wp\/v2\/categories?post=52602"},{"taxonomy":"post_tag","embeddable":true,"href":"https:\/\/www.ifun.de\/apiv2\/wp\/v2\/tags?post=52602"}],"curies":[{"name":"wp","href":"https:\/\/api.w.org\/{rel}","templated":true}]}}