{"id":52026,"date":"2013-12-16T17:32:35","date_gmt":"2013-12-16T16:32:35","guid":{"rendered":"http:\/\/www.ifun.de\/?p=52026"},"modified":"2013-12-16T17:37:04","modified_gmt":"2013-12-16T16:37:04","slug":"fotocollagen-mit-dem-mac-erstellen","status":"publish","type":"post","link":"https:\/\/www.ifun.de\/fotocollagen-mit-dem-mac-erstellen-52026\/","title":{"rendered":"Fotocollagen mit dem Mac erstellen"},"content":{"rendered":"<p>Wer mal eben ein Fotoalbum oder auch einen bebilderten Kalender zu Weihnachten schenken will, kommt mit <a href=\"https:\/\/itunes.apple.com\/de\/app\/iphoto\/id408981381?mt=12&#038;uo=4&#038;at=10ltcU\">iPhoto<\/a> auf dem Mac ja schon recht weit. Die entsprechenden Optionen finden sich im Men\u00fc \u201eBereitstellen\u201c versteckt und man kann die fertigen Werke auch selbst ausdrucken oder als PDF sichern, anstatt die Drucke bei Apple zu bestellen. Eine entsprechende Option um Collagen aus mehreren Fotos zu erstellen, fehlt in iPhoto allerdings. Unsere Empfehlung f\u00fcr diese Aufgabe ist das sowohl f\u00fcr Mac als auch Windows erh\u00e4ltliche <a href=\"http:\/\/www.collageitfree.com\">CollageIt 3<\/a>. Wir haben uns die Mac-Version des in der Basisausf\u00fchrung kostenlosen Programms angesehen.<\/p>\n<p><a href=\"http:\/\/images.ifun.de\/wp-content\/uploads\/2013\/12\/collageit.jpg\"><img loading=\"lazy\" decoding=\"async\" src=\"http:\/\/images.ifun.de\/wp-content\/uploads\/2013\/12\/collageit.jpg\" alt=\"collageit\" width=\"500\" height=\"500\" class=\"aligncenter size-full wp-image-52029\" srcset=\"https:\/\/images.ifun.de\/wp-content\/uploads\/2013\/12\/collageit.jpg 500w, https:\/\/images.ifun.de\/wp-content\/uploads\/2013\/12\/collageit-150x150.jpg 150w, https:\/\/images.ifun.de\/wp-content\/uploads\/2013\/12\/collageit-300x300.jpg 300w\" sizes=\"auto, (max-width: 500px) 100vw, 500px\" \/><\/a><\/p>\n<p>CollageIt macht das Zusammenstellen von mehreren Fotos auf einer Seite denkbar einfach. Zun\u00e4chst stehen verschiedene Layoutstile als Vorlage zur Verf\u00fcgung, die ihr auf Wunsch auch automatisch mit Bildern auff\u00fcllen k\u00f6nnt. Die Anzahl der verwendeten Fotos ist frei konfigurierbar, ebenso k\u00f6nnt ihr die Gestaltung mittels R\u00e4ndern oder Hintergrundfarben und -bildern ver\u00e4ndern.<\/p>\n<p>Wer seine Collagen nicht gr\u00f6\u00dfer als 2000 x 2000 Pixel macht und die Bilder innerhalb der CollageIt-Anordnung nicht mehr einzeln skalieren oder beschneiden will, kann die Software komplett kostenlos nutzen. Ein Upgrade auf die Pro-Version erlaubt das Erstellen von Postern mit bis zu 12000 x 12000 Pixeln Gr\u00f6\u00dfe, l\u00e4sst die einzelnen Bilder innerhalb der kleinen Rahmen skalieren und beschneiden und erg\u00e4nzt zudem noch die M\u00f6glichkeit, eigene Texte hinzuzuf\u00fcgen.<\/p>\n<p><div class=\"responsive-video\"><iframe loading=\"lazy\" width=\"700\" height=\"398\" src=\"\/\/www.youtube-nocookie.com\/embed\/SqPK8taMIss?rel=0\" frameborder=\"0\" allowfullscreen><\/iframe><\/div><br \/>\n(<a href=\"http:\/\/youtu.be\/SqPK8taMIss\">Direktlink zum Video<\/a>)<\/p>\n<p>Der regul\u00e4re Preis f\u00fcr die Pro-Version liegt bei 29,90 Dollar, allerdings gibt es das Upgrade momentan im Rahmen einer <a href=\"http:\/\/www.collageitfree.com\/purchase.html\">Weihnachtsaktion<\/a> bereits f\u00fcr umgerechnet etwas \u00fcber 8 Euro, Mac-Nutzer bekommen zu diesem Preis sogar noch eine Lizenz des MacX Video Converter Pro kostenlos dazu. Die Seriennummern bekommt ihr nach dem Kauf per E-Mail zugeschickt.<\/p>\n<p>Die von uns getestete Mac-Version kommt \u00fcbrigens mit komplett deutschsprachiger Benutzeroberfl\u00e4che. St\u00f6rt euch nicht an der Fehlermeldung falls ihr aus der App heraus versucht, auf Pro zu erweitern. Um den Sonderpreis zu erhalten, m\u00fcsst ihr den Kauf \u00fcber die Aktionswebseite abwickeln und die Seriennummer l\u00e4sst sich anschlie\u00dfend im Programm eingeben.<img loading=\"lazy\" decoding=\"async\" src=\"http:\/\/vg01.met.vgwort.de\/na\/2a97aa412ff9423dbee76eb44047ed9e\" width=\"1\" height=\"1\" class=\"tracking\"><\/p>\n","protected":false},"excerpt":{"rendered":"<a href=\"https:\/\/www.ifun.de\/fotocollagen-mit-dem-mac-erstellen-52026\/\"><img width=\"150\" height=\"150\" src=\"https:\/\/images.ifun.de\/wp-content\/uploads\/2013\/12\/collageit-icon.jpg\" class=\"alignright tfe wp-post-image\" alt=\"\" decoding=\"async\" loading=\"lazy\" \/><\/a><p>Wer mal eben ein Fotoalbum oder auch einen bebilderten Kalender zu Weihnachten schenken will, kommt mit iPhoto auf dem Mac ja schon recht weit. Die entsprechenden Optionen finden sich im Men\u00fc \u201eBereitstellen\u201c versteckt und man kann die fertigen Werke auch selbst ausdrucken oder als PDF sichern, anstatt die Drucke bei Apple zu bestellen. Eine entsprechende [&hellip;]<\/p>\n","protected":false},"author":2,"featured_media":52028,"comment_status":"open","ping_status":"closed","sticky":false,"template":"","format":"standard","meta":{"_acf_changed":false,"footnotes":""},"categories":[16],"tags":[307,6321,52],"class_list":["post-52026","post","type-post","status-publish","format-standard","has-post-thumbnail","hentry","category-mac","tag-fotos","tag-mac","tag-software"],"acf":[],"aioseo_notices":[],"featured_image":["http:\/\/images.ifun.de\/wp-content\/uploads\/2013\/12\/collage-header.jpg"],"rest_api_enabler":{"featured_image":"http:\/\/images.ifun.de\/wp-content\/uploads\/2013\/12\/collage-header.jpg"},"_links":{"self":[{"href":"https:\/\/www.ifun.de\/apiv2\/wp\/v2\/posts\/52026","targetHints":{"allow":["GET"]}}],"collection":[{"href":"https:\/\/www.ifun.de\/apiv2\/wp\/v2\/posts"}],"about":[{"href":"https:\/\/www.ifun.de\/apiv2\/wp\/v2\/types\/post"}],"author":[{"embeddable":true,"href":"https:\/\/www.ifun.de\/apiv2\/wp\/v2\/users\/2"}],"replies":[{"embeddable":true,"href":"https:\/\/www.ifun.de\/apiv2\/wp\/v2\/comments?post=52026"}],"version-history":[{"count":9,"href":"https:\/\/www.ifun.de\/apiv2\/wp\/v2\/posts\/52026\/revisions"}],"predecessor-version":[{"id":52038,"href":"https:\/\/www.ifun.de\/apiv2\/wp\/v2\/posts\/52026\/revisions\/52038"}],"wp:featuredmedia":[{"embeddable":true,"href":"https:\/\/www.ifun.de\/apiv2\/wp\/v2\/media\/52028"}],"wp:attachment":[{"href":"https:\/\/www.ifun.de\/apiv2\/wp\/v2\/media?parent=52026"}],"wp:term":[{"taxonomy":"category","embeddable":true,"href":"https:\/\/www.ifun.de\/apiv2\/wp\/v2\/categories?post=52026"},{"taxonomy":"post_tag","embeddable":true,"href":"https:\/\/www.ifun.de\/apiv2\/wp\/v2\/tags?post=52026"}],"curies":[{"name":"wp","href":"https:\/\/api.w.org\/{rel}","templated":true}]}}