{"id":50270,"date":"2013-11-16T15:38:29","date_gmt":"2013-11-16T14:38:29","guid":{"rendered":"http:\/\/www.ifun.de\/?p=50270"},"modified":"2013-11-16T15:38:29","modified_gmt":"2013-11-16T14:38:29","slug":"ipad-mini-retina-mit-lte-laesst-sich-zur-abholung-im-apple-store-reservieren","status":"publish","type":"post","link":"https:\/\/www.ifun.de\/ipad-mini-retina-mit-lte-laesst-sich-zur-abholung-im-apple-store-reservieren-50270\/","title":{"rendered":"iPad mini Retina mit LTE l\u00e4sst sich zur Abholung im Apple Store reservieren"},"content":{"rendered":"<p>Die <a href=\"http:\/\/www.apple.com\/de\/retail\/\">deutschen Apple-Ladengesch\u00e4fte<\/a> sind inzwischen auch einigerma\u00dfen gut mit der Cellular-Version des iPad mini Retina best\u00fcckt. Allerdings ist eine <a href=\"https:\/\/ireserve.apple.com\/DE\/de_DE\/reserve\/iPad\">Online-Reservierung<\/a> offenbar weiterhin Voraussetzung f\u00fcr den Kauf.<\/p>\n<p><a href=\"http:\/\/images.ifun.de\/wp-content\/uploads\/2013\/11\/lte-ipad-mini-retina-500.jpg\"><img loading=\"lazy\" decoding=\"async\" src=\"http:\/\/images.ifun.de\/wp-content\/uploads\/2013\/11\/lte-ipad-mini-retina-500.jpg\" alt=\"lte-ipad-mini-retina-500\" width=\"400\" height=\"334\" class=\"aligncenter size-full wp-image-50273\" srcset=\"https:\/\/images.ifun.de\/wp-content\/uploads\/2013\/11\/lte-ipad-mini-retina-500.jpg 400w, https:\/\/images.ifun.de\/wp-content\/uploads\/2013\/11\/lte-ipad-mini-retina-500-300x250.jpg 300w\" sizes=\"auto, (max-width: 400px) 100vw, 400px\" \/><\/a><\/p>\n<p>Nachdem sich das Ger\u00e4t nach dem Verkaufsstart Anfang der Woche zun\u00e4chst nur in der WLAN-Version <a href=\"https:\/\/ireserve.apple.com\/DE\/de_DE\/reserve\/iPad\">zur Abholung reservieren<\/a> l\u00e4sst, haben nun alle 12 deutschen Apple-Ladengesch\u00e4fte auch die Cellular-Varianten des neuen iPad mini vorr\u00e4tig. Allerdings sind einzelne Speicherausf\u00fchrungen &#8211; egal ob WLAN oder Cellular &#8211; teils schnell wieder vergriffen oder \u00fcberhaupt erst gar nicht lieferbar. (Danke Daniel)<\/p>\n<p><a href=\"http:\/\/images.ifun.de\/wp-content\/uploads\/2013\/11\/lte-ipad-mini-verfuegbar-700.jpg\"><img loading=\"lazy\" decoding=\"async\" src=\"http:\/\/images.ifun.de\/wp-content\/uploads\/2013\/11\/lte-ipad-mini-verfuegbar-700.jpg\" alt=\"lte-ipad-mini-verfuegbar-700\" width=\"700\" height=\"431\" class=\"aligncenter size-full wp-image-50274\" srcset=\"https:\/\/images.ifun.de\/wp-content\/uploads\/2013\/11\/lte-ipad-mini-verfuegbar-700.jpg 700w, https:\/\/images.ifun.de\/wp-content\/uploads\/2013\/11\/lte-ipad-mini-verfuegbar-700-300x184.jpg 300w\" sizes=\"auto, (max-width: 700px) 100vw, 700px\" \/><\/a><\/p>\n<p>Bei einer Bestellung im <a href=\"http:\/\/ifun.de\/applestore\/http:\/\/store.apple.com\/de\/go\/home\">Apple-Onlinestore<\/a> hat sich an den Versandzeiten dagegen nichts ge\u00e4ndert. Die beiden kleineren WLAN-Versionen sind innerhalb von 1 bis 3 Gesch\u00e4ftstagen versandbereit, auf die anderen Ger\u00e4tevarianten muss 5 bis 10 Arbeitstage gewartet werden.<\/p>\n<p>Das iPad mini Retina ist in den Farben Spacegrau und Silber mit 16, 32, 64 oder 128 GB Speicher erh\u00e4ltlich. Der Einstiegspreis f\u00fcr die WLAN-Version liegt bei 389 Euro, f\u00fcr die Cellular-Variante m\u00fcssen mindestens 509 Euro angelegt werden. Das Topmodell, die Cellular-Version mit 128 GB Speicher, geht f\u00fcr 779 Euro \u00fcber den Tresen.<\/p>\n","protected":false},"excerpt":{"rendered":"<a href=\"https:\/\/www.ifun.de\/ipad-mini-retina-mit-lte-laesst-sich-zur-abholung-im-apple-store-reservieren-50270\/\"><img width=\"150\" height=\"150\" src=\"https:\/\/images.ifun.de\/wp-content\/uploads\/2013\/11\/lte-ipad-mini-icon.jpg\" class=\"alignright tfe wp-post-image\" alt=\"\" decoding=\"async\" loading=\"lazy\" \/><\/a><p>Die deutschen Apple-Ladengesch\u00e4fte sind inzwischen auch einigerma\u00dfen gut mit der Cellular-Version des iPad mini Retina best\u00fcckt. Allerdings ist eine Online-Reservierung offenbar weiterhin Voraussetzung f\u00fcr den Kauf. Nachdem sich das Ger\u00e4t nach dem Verkaufsstart Anfang der Woche zun\u00e4chst nur in der WLAN-Version zur Abholung reservieren l\u00e4sst, haben nun alle 12 deutschen Apple-Ladengesch\u00e4fte auch die Cellular-Varianten des [&hellip;]<\/p>\n","protected":false},"author":2,"featured_media":50272,"comment_status":"open","ping_status":"closed","sticky":false,"template":"","format":"standard","meta":{"_acf_changed":false,"footnotes":""},"categories":[10],"tags":[49,2072,966],"class_list":["post-50270","post","type-post","status-publish","format-standard","has-post-thumbnail","hentry","category-ipad","tag-apple-store","tag-ipad-mini-retina","tag-lte"],"acf":[],"aioseo_notices":[],"featured_image":["http:\/\/images.ifun.de\/wp-content\/uploads\/2013\/11\/ipad-lte-header.jpg"],"rest_api_enabler":{"featured_image":"http:\/\/images.ifun.de\/wp-content\/uploads\/2013\/11\/ipad-lte-header.jpg"},"_links":{"self":[{"href":"https:\/\/www.ifun.de\/apiv2\/wp\/v2\/posts\/50270","targetHints":{"allow":["GET"]}}],"collection":[{"href":"https:\/\/www.ifun.de\/apiv2\/wp\/v2\/posts"}],"about":[{"href":"https:\/\/www.ifun.de\/apiv2\/wp\/v2\/types\/post"}],"author":[{"embeddable":true,"href":"https:\/\/www.ifun.de\/apiv2\/wp\/v2\/users\/2"}],"replies":[{"embeddable":true,"href":"https:\/\/www.ifun.de\/apiv2\/wp\/v2\/comments?post=50270"}],"version-history":[{"count":4,"href":"https:\/\/www.ifun.de\/apiv2\/wp\/v2\/posts\/50270\/revisions"}],"predecessor-version":[{"id":50278,"href":"https:\/\/www.ifun.de\/apiv2\/wp\/v2\/posts\/50270\/revisions\/50278"}],"wp:featuredmedia":[{"embeddable":true,"href":"https:\/\/www.ifun.de\/apiv2\/wp\/v2\/media\/50272"}],"wp:attachment":[{"href":"https:\/\/www.ifun.de\/apiv2\/wp\/v2\/media?parent=50270"}],"wp:term":[{"taxonomy":"category","embeddable":true,"href":"https:\/\/www.ifun.de\/apiv2\/wp\/v2\/categories?post=50270"},{"taxonomy":"post_tag","embeddable":true,"href":"https:\/\/www.ifun.de\/apiv2\/wp\/v2\/tags?post=50270"}],"curies":[{"name":"wp","href":"https:\/\/api.w.org\/{rel}","templated":true}]}}