{"id":50039,"date":"2013-11-13T15:41:29","date_gmt":"2013-11-13T14:41:29","guid":{"rendered":"http:\/\/www.ifun.de\/?p=50039"},"modified":"2013-11-13T15:52:37","modified_gmt":"2013-11-13T14:52:37","slug":"keine-ueberraschungen-ipad-mini-mit-retina-bildschirm-in-einzelteilen","status":"publish","type":"post","link":"https:\/\/www.ifun.de\/keine-ueberraschungen-ipad-mini-mit-retina-bildschirm-in-einzelteilen-50039\/","title":{"rendered":"Keine \u00dcberraschungen: iPad mini mit Retina-Bildschirm in Einzelteilen"},"content":{"rendered":"<p>Was w\u00e4re ein neues Apple-Produkt ohne den traditionellen <a href=\"http:\/\/www.ifixit.com\/Teardown\/iPad+Mini+Retina+Display+Teardown\/19374\">ifixit-Teardown<\/a>? Die Reparaturexperten haben sich das gestern ver\u00f6ffentlichte <a href=\"http:\/\/ifun.de\/applestore\/http:\/\/store.apple.com\/de\/go\/ipad\">iPad mini mit Retina-Bildschirm<\/a> geschnappt und auf den Seziertisch gelegt.<\/p>\n<p><a href=\"http:\/\/images.ifun.de\/wp-content\/uploads\/2013\/11\/ipad-zerlegt-500.jpg\"><img loading=\"lazy\" decoding=\"async\" src=\"http:\/\/images.ifun.de\/wp-content\/uploads\/2013\/11\/ipad-zerlegt-500.jpg\" alt=\"ipad-zerlegt-500\" width=\"500\" height=\"333\" class=\"aligncenter size-full wp-image-50040\" srcset=\"https:\/\/images.ifun.de\/wp-content\/uploads\/2013\/11\/ipad-zerlegt-500.jpg 500w, https:\/\/images.ifun.de\/wp-content\/uploads\/2013\/11\/ipad-zerlegt-500-300x199.jpg 300w\" sizes=\"auto, (max-width: 500px) 100vw, 500px\" \/><\/a><\/p>\n<p>Wie erwartet verrichtet im Retina-Mini ein deutlich leistungsf\u00e4higerer Akku als im Vorg\u00e4ngermodell seine Dienste. Grund daf\u00fcr d\u00fcrfte in erster Linie der durch den neuen Bildschirm verursachte h\u00f6here Stromverbrauch sein. Am Bildschirm selbst f\u00e4llt positiv auf, dass die LCD-Einheit und das sch\u00fctzende Glas nicht ferst miteinander verbunden sind und sich demnach auch getrennt austauschen lassen. Dies sorgt ebenso wie die Tatsache, dass der Akku nicht fest verl\u00f6tet ist, f\u00fcr geringeren Reparaturaufwand. Auf der Reparaturskala von 1 bis 10 geben die Experten dem neuen iPad mini dennoch nur eine 2, da Apple offenbar einen gro\u00dfen Teil der Komponenten fest verklebt und den Lightning-Anschluss fest aufs Board gel\u00f6tet hat.<\/p>\n<p>Im Video unten sind die wichtigsten Erkenntnisse der iPad-Autopsie zusammengefasst, ausf\u00fchrlich und reich bebildert findet ihr das Ganze <a href=\"http:\/\/www.ifixit.com\/Teardown\/iPad+Mini+Retina+Display+Teardown\/19374\">hier bei ifixit<\/a>. \u00dcber die Tatsache, dass der im neuen iPad mini verbaute A7-Prozessor das kleine Tablet bis zu 5x schneller macht, als seinen Vorg\u00e4nger, haben wir <a href=\"http:\/\/www.ifun.de\/ipad-mini-retina-laut-benchmarks-5x-so-schnell-wie-das-vorgaengermodell-50003\/\">heute Vormittag<\/a> schon berichtet.<\/p>\n<p><div class=\"responsive-video\"><iframe loading=\"lazy\" width=\"700\" height=\"394\" src=\"\/\/www.youtube-nocookie.com\/embed\/iVB3ASkov6Q?rel=0\" frameborder=\"0\" allowfullscreen><\/iframe><\/div><br \/>\n(<a href=\"http:\/\/youtu.be\/iVB3ASkov6Q\">Direktlink zum Video<\/a>)<\/p>\n","protected":false},"excerpt":{"rendered":"<a href=\"https:\/\/www.ifun.de\/keine-ueberraschungen-ipad-mini-mit-retina-bildschirm-in-einzelteilen-50039\/\"><img width=\"150\" height=\"150\" src=\"https:\/\/images.ifun.de\/wp-content\/uploads\/2013\/11\/ipad-zerlegt-500-150x150.jpg\" class=\"alignright tfe wp-post-image\" alt=\"\" decoding=\"async\" loading=\"lazy\" \/><\/a><p>Was w\u00e4re ein neues Apple-Produkt ohne den traditionellen ifixit-Teardown? Die Reparaturexperten haben sich das gestern ver\u00f6ffentlichte iPad mini mit Retina-Bildschirm geschnappt und auf den Seziertisch gelegt. Wie erwartet verrichtet im Retina-Mini ein deutlich leistungsf\u00e4higerer Akku als im Vorg\u00e4ngermodell seine Dienste. Grund daf\u00fcr d\u00fcrfte in erster Linie der durch den neuen Bildschirm verursachte h\u00f6here Stromverbrauch sein. [&hellip;]<\/p>\n","protected":false},"author":2,"featured_media":50040,"comment_status":"open","ping_status":"closed","sticky":false,"template":"","format":"standard","meta":{"_acf_changed":false,"footnotes":""},"categories":[10],"tags":[1335,123,524],"class_list":["post-50039","post","type-post","status-publish","format-standard","has-post-thumbnail","hentry","category-ipad","tag-ipad-mini","tag-reparatur","tag-retina"],"acf":[],"aioseo_notices":[],"featured_image":["http:\/\/images.ifun.de\/wp-content\/uploads\/2013\/11\/ipad-zerlegt-header.jpg"],"rest_api_enabler":{"featured_image":"http:\/\/images.ifun.de\/wp-content\/uploads\/2013\/11\/ipad-zerlegt-header.jpg"},"_links":{"self":[{"href":"https:\/\/www.ifun.de\/apiv2\/wp\/v2\/posts\/50039","targetHints":{"allow":["GET"]}}],"collection":[{"href":"https:\/\/www.ifun.de\/apiv2\/wp\/v2\/posts"}],"about":[{"href":"https:\/\/www.ifun.de\/apiv2\/wp\/v2\/types\/post"}],"author":[{"embeddable":true,"href":"https:\/\/www.ifun.de\/apiv2\/wp\/v2\/users\/2"}],"replies":[{"embeddable":true,"href":"https:\/\/www.ifun.de\/apiv2\/wp\/v2\/comments?post=50039"}],"version-history":[{"count":5,"href":"https:\/\/www.ifun.de\/apiv2\/wp\/v2\/posts\/50039\/revisions"}],"predecessor-version":[{"id":50046,"href":"https:\/\/www.ifun.de\/apiv2\/wp\/v2\/posts\/50039\/revisions\/50046"}],"wp:featuredmedia":[{"embeddable":true,"href":"https:\/\/www.ifun.de\/apiv2\/wp\/v2\/media\/50040"}],"wp:attachment":[{"href":"https:\/\/www.ifun.de\/apiv2\/wp\/v2\/media?parent=50039"}],"wp:term":[{"taxonomy":"category","embeddable":true,"href":"https:\/\/www.ifun.de\/apiv2\/wp\/v2\/categories?post=50039"},{"taxonomy":"post_tag","embeddable":true,"href":"https:\/\/www.ifun.de\/apiv2\/wp\/v2\/tags?post=50039"}],"curies":[{"name":"wp","href":"https:\/\/api.w.org\/{rel}","templated":true}]}}