{"id":50003,"date":"2013-11-13T08:17:54","date_gmt":"2013-11-13T07:17:54","guid":{"rendered":"http:\/\/www.ifun.de\/?p=50003"},"modified":"2013-11-13T08:17:54","modified_gmt":"2013-11-13T07:17:54","slug":"ipad-mini-retina-laut-benchmarks-5x-so-schnell-wie-das-vorgaengermodell","status":"publish","type":"post","link":"https:\/\/www.ifun.de\/ipad-mini-retina-laut-benchmarks-5x-so-schnell-wie-das-vorgaengermodell-50003\/","title":{"rendered":"iPad mini Retina laut Benchmarks 5x so schnell wie das Vorg\u00e4ngermodell"},"content":{"rendered":"<p>Die technische Ausstattung des iPad mini mit Retina-Bildschirm haben wir ja gestern noch einmal <a href=\"http:\/\/www.ifun.de\/ipad-mini-retina-jetzt-im-apple-store-erhaeltlich-49919\/\">zusammengefasst<\/a>. Apples neuestes Tablet wird mit dem selben A7-Prozessor betrieben, der bereits im iPhone 5s und dem iPad Air verbaut ist. Aktuelle <a href=\"https:\/\/ireserve.apple.com\/DE\/de_DE\/reserve\/iPad\/productReservation\">Benchmarks<\/a> geben nun weitere weitere Details zur Leistung des Retina-Mini frei.<\/p>\n<p>Offenbar wird das kleine Tablet wie das iPhone 5s auch mit einer Taktrate von etwa 1,3 Ghz betrieben. Beim iPad Air legt Apple dagegen mit 1,4 Ghz ein paar Scheite mehr aufs Feuer. Analog dazu schneiden iPhone 5s und iPad mini Retina bei Tests mit Single- und Multicore-Auslastung auch mit \u00e4hnlichen Werten ab und liegen leicht hinter dem iPad Air.<\/p>\n<p><a href=\"http:\/\/images.ifun.de\/wp-content\/uploads\/2013\/11\/geekbench-ipad-mini-retina.gif\"><img loading=\"lazy\" decoding=\"async\" src=\"http:\/\/images.ifun.de\/wp-content\/uploads\/2013\/11\/geekbench-ipad-mini-retina.gif\" alt=\"geekbench-ipad-mini-retina\" width=\"500\" height=\"441\" class=\"aligncenter size-full wp-image-50006\" \/><\/a><\/p>\n<p>Deutlich ist dagegen der Geschwindigkeitsunterschied zwischen dem \u201ealten\u201c iPad mini und dem neuen Retina-Modell.  Die Benchmarkwerte des urspr\u00fcnglichen iPad mini (261 Single-\/493 Multicore) \u00fcbertrifft das mit dem A7 ausgestattete Mini mit Retina-Bildschirm um etwa das F\u00fcnffache (1390\/2512). (via <a href=\"http:\/\/www.macrumors.com\/2013\/11\/12\/retina-ipad-mini-has-1-3-ghz-a7-processor-with-5x-better-performance-than-original-mini\/\">Mac Rumors<\/a>)<\/p>\n<p>Die leicht niedrigere Taktrate beim kleinen iPad d\u00fcrfte vermutlich mit der Akkuleistung zusammenh\u00e4ngen. Apple muss hier die Grafik f\u00fcr ebenso viele Pixel wie beim gro\u00dfen iPad berechnen und diese auch \u201ebeleuchten\u201c, hat im Geh\u00e4useinneren aber deutlich weniger Platz. Dies d\u00fcrfte sich auch auf den verbauten Akku auswirken.<\/p>\n<p>Das neue iPad mini l\u00e4sst sich online <a href=\"http:\/\/ifun.de\/applestore\/http:\/\/store.apple.com\/de\/go\/home\">im Apple Store<\/a> bestellen, zudem besteht die M\u00f6glichkeit, die Ger\u00e4te <a href=\"https:\/\/ireserve.apple.com\/DE\/de_DE\/reserve\/iPad\/productReservation\">nach Reservierung<\/a> in den Apple Ladengesch\u00e4ften abzuholen. Hier sind die verf\u00fcgbaren St\u00fcckzahlen allerdings stark limitiert.<\/p>\n<p>Dar\u00fcber hinaus sollte das Ger\u00e4t von heute an auch bei weiteren Apple-Handelspartnern erh\u00e4ltlich sein. Mobilfunkanbieter haben das Ger\u00e4t bereits <a href=\"http:\/\/www.ifun.de\/ipad-mini-retina-bei-der-telekom-lieferzeit-1-woche-49986\/\">seit gestern<\/a> im Angebot.<\/p>\n","protected":false},"excerpt":{"rendered":"<a href=\"https:\/\/www.ifun.de\/ipad-mini-retina-laut-benchmarks-5x-so-schnell-wie-das-vorgaengermodell-50003\/\"><img width=\"150\" height=\"150\" src=\"https:\/\/images.ifun.de\/wp-content\/uploads\/2013\/11\/a7-header-150x150.jpg\" class=\"alignright tfe wp-post-image\" alt=\"\" decoding=\"async\" loading=\"lazy\" \/><\/a><p>Die technische Ausstattung des iPad mini mit Retina-Bildschirm haben wir ja gestern noch einmal zusammengefasst. Apples neuestes Tablet wird mit dem selben A7-Prozessor betrieben, der bereits im iPhone 5s und dem iPad Air verbaut ist. Aktuelle Benchmarks geben nun weitere weitere Details zur Leistung des Retina-Mini frei. Offenbar wird das kleine Tablet wie das iPhone [&hellip;]<\/p>\n","protected":false},"author":2,"featured_media":50005,"comment_status":"open","ping_status":"closed","sticky":false,"template":"","format":"standard","meta":{"_acf_changed":false,"footnotes":""},"categories":[10],"tags":[331,1522,2072,1160],"class_list":["post-50003","post","type-post","status-publish","format-standard","has-post-thumbnail","hentry","category-ipad","tag-benchmark","tag-geschwindigkeit","tag-ipad-mini-retina","tag-leistung"],"acf":[],"aioseo_notices":[],"featured_image":["http:\/\/images.ifun.de\/wp-content\/uploads\/2013\/11\/a7-header.jpg"],"rest_api_enabler":{"featured_image":"http:\/\/images.ifun.de\/wp-content\/uploads\/2013\/11\/a7-header.jpg"},"_links":{"self":[{"href":"https:\/\/www.ifun.de\/apiv2\/wp\/v2\/posts\/50003","targetHints":{"allow":["GET"]}}],"collection":[{"href":"https:\/\/www.ifun.de\/apiv2\/wp\/v2\/posts"}],"about":[{"href":"https:\/\/www.ifun.de\/apiv2\/wp\/v2\/types\/post"}],"author":[{"embeddable":true,"href":"https:\/\/www.ifun.de\/apiv2\/wp\/v2\/users\/2"}],"replies":[{"embeddable":true,"href":"https:\/\/www.ifun.de\/apiv2\/wp\/v2\/comments?post=50003"}],"version-history":[{"count":2,"href":"https:\/\/www.ifun.de\/apiv2\/wp\/v2\/posts\/50003\/revisions"}],"predecessor-version":[{"id":50007,"href":"https:\/\/www.ifun.de\/apiv2\/wp\/v2\/posts\/50003\/revisions\/50007"}],"wp:featuredmedia":[{"embeddable":true,"href":"https:\/\/www.ifun.de\/apiv2\/wp\/v2\/media\/50005"}],"wp:attachment":[{"href":"https:\/\/www.ifun.de\/apiv2\/wp\/v2\/media?parent=50003"}],"wp:term":[{"taxonomy":"category","embeddable":true,"href":"https:\/\/www.ifun.de\/apiv2\/wp\/v2\/categories?post=50003"},{"taxonomy":"post_tag","embeddable":true,"href":"https:\/\/www.ifun.de\/apiv2\/wp\/v2\/tags?post=50003"}],"curies":[{"name":"wp","href":"https:\/\/api.w.org\/{rel}","templated":true}]}}