{"id":49986,"date":"2013-11-12T15:46:59","date_gmt":"2013-11-12T14:46:59","guid":{"rendered":"http:\/\/www.ifun.de\/?p=49986"},"modified":"2013-11-12T16:14:30","modified_gmt":"2013-11-12T15:14:30","slug":"ipad-mini-retina-bei-der-telekom-lieferzeit-1-woche","status":"publish","type":"post","link":"https:\/\/www.ifun.de\/ipad-mini-retina-bei-der-telekom-lieferzeit-1-woche-49986\/","title":{"rendered":"iPad mini Retina ab 1 Euro bei der Telekom: Lieferzeit 1 Woche"},"content":{"rendered":"<p>Inzwischen l\u00e4sst sich das iPad mini mit Retina-Bildschirm auch \u00fcber die <a href=\"http:\/\/clkde.tradedoubler.com\/click?p=74924&#038;a=747172&#038;g=20349852\">Webseite der Telekom<\/a> bestellen. Abh\u00e4ngig von dazu abgeschlossenen Mobilfunkvertrag wird das Ger\u00e4t derzeit bereits zu Preisen ab 1 Euro gelistet, die Lieferzeit wird mit 1 Woche angegeben und.<\/p>\n<p><a href=\"http:\/\/images.ifun.de\/wp-content\/uploads\/2013\/11\/retina-mini-telekom.gif\"><img loading=\"lazy\" decoding=\"async\" src=\"http:\/\/images.ifun.de\/wp-content\/uploads\/2013\/11\/retina-mini-telekom.gif\" alt=\"retina-mini-telekom\" width=\"500\" height=\"346\" class=\"aligncenter size-full wp-image-49987\" \/><\/a><\/p>\n<p>Wie bereits zuvor berichtet, ist Apples kleines iPad mit hochaufl\u00f6sendem Bildschirm bereits seit heute Vormittag zu Preisen ab 389 Euro \u00fcber den <a href=\"http:\/\/ifun.de\/applestore\/http:\/\/store.apple.com\/de\/go\/home\">Apple Onlinestore<\/a> erh\u00e4ltlich.<\/p>\n<p>Wer lieber direkt kauft, muss sich um eine <a href=\"http:\/\/www.ifun.de\/ipad-mini-retina-demnaechst-auch-in-apple-ladengeschaeften-erhaeltlich-49955\/\">Reservierung in den Apple-Ladengesch\u00e4ften<\/a> bem\u00fchen, oder darauf hoffen, dass ein Apple-Handelspartner in seiner N\u00e4he von morgen an die neuen Ger\u00e4te im Regal hat.<\/p>\n","protected":false},"excerpt":{"rendered":"<a href=\"https:\/\/www.ifun.de\/ipad-mini-retina-bei-der-telekom-lieferzeit-1-woche-49986\/\"><img width=\"150\" height=\"150\" src=\"https:\/\/images.ifun.de\/wp-content\/uploads\/2013\/11\/telekom-header-150x150.gif\" class=\"alignright tfe wp-post-image\" alt=\"\" decoding=\"async\" loading=\"lazy\" \/><\/a><p>Inzwischen l\u00e4sst sich das iPad mini mit Retina-Bildschirm auch \u00fcber die Webseite der Telekom bestellen. Abh\u00e4ngig von dazu abgeschlossenen Mobilfunkvertrag wird das Ger\u00e4t derzeit bereits zu Preisen ab 1 Euro gelistet, die Lieferzeit wird mit 1 Woche angegeben und. Wie bereits zuvor berichtet, ist Apples kleines iPad mit hochaufl\u00f6sendem Bildschirm bereits seit heute Vormittag zu [&hellip;]<\/p>\n","protected":false},"author":2,"featured_media":49988,"comment_status":"open","ping_status":"closed","sticky":false,"template":"","format":"standard","meta":{"_acf_changed":false,"footnotes":""},"categories":[10],"tags":[2072,282],"class_list":["post-49986","post","type-post","status-publish","format-standard","has-post-thumbnail","hentry","category-ipad","tag-ipad-mini-retina","tag-telekom"],"acf":[],"aioseo_notices":[],"featured_image":["http:\/\/images.ifun.de\/wp-content\/uploads\/2013\/11\/telekom-header.gif"],"rest_api_enabler":{"featured_image":"http:\/\/images.ifun.de\/wp-content\/uploads\/2013\/11\/telekom-header.gif"},"_links":{"self":[{"href":"https:\/\/www.ifun.de\/apiv2\/wp\/v2\/posts\/49986","targetHints":{"allow":["GET"]}}],"collection":[{"href":"https:\/\/www.ifun.de\/apiv2\/wp\/v2\/posts"}],"about":[{"href":"https:\/\/www.ifun.de\/apiv2\/wp\/v2\/types\/post"}],"author":[{"embeddable":true,"href":"https:\/\/www.ifun.de\/apiv2\/wp\/v2\/users\/2"}],"replies":[{"embeddable":true,"href":"https:\/\/www.ifun.de\/apiv2\/wp\/v2\/comments?post=49986"}],"version-history":[{"count":4,"href":"https:\/\/www.ifun.de\/apiv2\/wp\/v2\/posts\/49986\/revisions"}],"predecessor-version":[{"id":49992,"href":"https:\/\/www.ifun.de\/apiv2\/wp\/v2\/posts\/49986\/revisions\/49992"}],"wp:featuredmedia":[{"embeddable":true,"href":"https:\/\/www.ifun.de\/apiv2\/wp\/v2\/media\/49988"}],"wp:attachment":[{"href":"https:\/\/www.ifun.de\/apiv2\/wp\/v2\/media?parent=49986"}],"wp:term":[{"taxonomy":"category","embeddable":true,"href":"https:\/\/www.ifun.de\/apiv2\/wp\/v2\/categories?post=49986"},{"taxonomy":"post_tag","embeddable":true,"href":"https:\/\/www.ifun.de\/apiv2\/wp\/v2\/tags?post=49986"}],"curies":[{"name":"wp","href":"https:\/\/api.w.org\/{rel}","templated":true}]}}