{"id":49909,"date":"2013-11-12T07:00:14","date_gmt":"2013-11-12T06:00:14","guid":{"rendered":"http:\/\/www.ifun.de\/?p=49909"},"modified":"2013-11-12T07:03:42","modified_gmt":"2013-11-12T06:03:42","slug":"verkaufsstart-fuer-ipad-mini-mit-retinabildschirm-bereits-heute-apple-stores-weltweit-offline","status":"publish","type":"post","link":"https:\/\/www.ifun.de\/verkaufsstart-fuer-ipad-mini-mit-retinabildschirm-bereits-heute-apple-stores-weltweit-offline-49909\/","title":{"rendered":"Verkaufsstart f\u00fcr Retina-iPad-mini heute? Apple Stores weltweit offline"},"content":{"rendered":"<p><a href=\"http:\/\/ifun.de\/applestore\/http:\/\/store.apple.com\/de\/go\/home\">Apples Online-Stores<\/a> sind momentan weltweit nicht erreichbar. Tag und Uhrzeit w\u00e4ren f\u00fcr regul\u00e4re Wartungsarbeiten ungew\u00f6hnlich, gleichzeitig hat Apple offenbar auf einer internen Webseite den Verkaufsstart des iPad mini mit Retina-Bildschirm f\u00fcr den heutigen 12. November angek\u00fcndigt.<\/p>\n<p><a href=\"http:\/\/images.ifun.de\/wp-content\/uploads\/2013\/11\/apple-message.gif\"><img loading=\"lazy\" decoding=\"async\" src=\"http:\/\/images.ifun.de\/wp-content\/uploads\/2013\/11\/apple-message.gif\" alt=\"apple-message\" width=\"500\" height=\"180\" class=\"aligncenter size-full wp-image-49911\" \/><\/a><\/p>\n<h6>Bild: <a href=\"https:\/\/twitter.com\/puntomacrd\/status\/400058284826050561\/photo\/1\">Twitter<\/a> \/ via <a href=\"http:\/\/www.macrumors.com\">Mac Rumors<\/a><\/h6>\n<p>Konkret wird in der Mitteilung auf Apples Global-Service-Portal mitgeteilt, dass das iPad mini mit Retina-Bildschirm in den L\u00e4ndern Australien, China, Hong Kong, Japan, Neuseeland, Singapur und USA vom heutigen 12. November an verf\u00fcgbar sein wird.<\/p>\n<p>Ungew\u00f6hnlich in diesem Zusammenhang ist die Tatsache, dass Apple einen derartigen Verkaufsstart normalerweise im Vorfeld ank\u00fcndigt, ebenso w\u00e4re es ausgesprochen verwunderlich, wenn s\u00e4mtliche europ\u00e4ischen Staaten bei der ersten iPad-mini-Retina-Welle au\u00dfen vor sind. Wir halten euch auf dem Laufenden.<\/p>\n","protected":false},"excerpt":{"rendered":"<a href=\"https:\/\/www.ifun.de\/verkaufsstart-fuer-ipad-mini-mit-retinabildschirm-bereits-heute-apple-stores-weltweit-offline-49909\/\"><img width=\"150\" height=\"150\" src=\"https:\/\/images.ifun.de\/wp-content\/uploads\/2013\/11\/offline-icon.jpg\" class=\"alignright tfe wp-post-image\" alt=\"\" decoding=\"async\" loading=\"lazy\" \/><\/a><p>Apples Online-Stores sind momentan weltweit nicht erreichbar. Tag und Uhrzeit w\u00e4ren f\u00fcr regul\u00e4re Wartungsarbeiten ungew\u00f6hnlich, gleichzeitig hat Apple offenbar auf einer internen Webseite den Verkaufsstart des iPad mini mit Retina-Bildschirm f\u00fcr den heutigen 12. November angek\u00fcndigt. Bild: Twitter \/ via Mac Rumors Konkret wird in der Mitteilung auf Apples Global-Service-Portal mitgeteilt, dass das iPad mini [&hellip;]<\/p>\n","protected":false},"author":2,"featured_media":49913,"comment_status":"open","ping_status":"closed","sticky":false,"template":"","format":"standard","meta":{"_acf_changed":false,"footnotes":""},"categories":[3],"tags":[49,1335,524],"class_list":["post-49909","post","type-post","status-publish","format-standard","has-post-thumbnail","hentry","category-apple","tag-apple-store","tag-ipad-mini","tag-retina"],"acf":[],"aioseo_notices":[],"featured_image":["http:\/\/images.ifun.de\/wp-content\/uploads\/2013\/11\/offline-header.jpg"],"rest_api_enabler":{"featured_image":"http:\/\/images.ifun.de\/wp-content\/uploads\/2013\/11\/offline-header.jpg"},"_links":{"self":[{"href":"https:\/\/www.ifun.de\/apiv2\/wp\/v2\/posts\/49909","targetHints":{"allow":["GET"]}}],"collection":[{"href":"https:\/\/www.ifun.de\/apiv2\/wp\/v2\/posts"}],"about":[{"href":"https:\/\/www.ifun.de\/apiv2\/wp\/v2\/types\/post"}],"author":[{"embeddable":true,"href":"https:\/\/www.ifun.de\/apiv2\/wp\/v2\/users\/2"}],"replies":[{"embeddable":true,"href":"https:\/\/www.ifun.de\/apiv2\/wp\/v2\/comments?post=49909"}],"version-history":[{"count":6,"href":"https:\/\/www.ifun.de\/apiv2\/wp\/v2\/posts\/49909\/revisions"}],"predecessor-version":[{"id":49918,"href":"https:\/\/www.ifun.de\/apiv2\/wp\/v2\/posts\/49909\/revisions\/49918"}],"wp:featuredmedia":[{"embeddable":true,"href":"https:\/\/www.ifun.de\/apiv2\/wp\/v2\/media\/49913"}],"wp:attachment":[{"href":"https:\/\/www.ifun.de\/apiv2\/wp\/v2\/media?parent=49909"}],"wp:term":[{"taxonomy":"category","embeddable":true,"href":"https:\/\/www.ifun.de\/apiv2\/wp\/v2\/categories?post=49909"},{"taxonomy":"post_tag","embeddable":true,"href":"https:\/\/www.ifun.de\/apiv2\/wp\/v2\/tags?post=49909"}],"curies":[{"name":"wp","href":"https:\/\/api.w.org\/{rel}","templated":true}]}}