{"id":49468,"date":"2013-11-01T04:37:13","date_gmt":"2013-11-01T03:37:13","guid":{"rendered":"http:\/\/www.ifun.de\/?p=49468"},"modified":"2013-11-01T04:37:33","modified_gmt":"2013-11-01T03:37:33","slug":"telekom-bietet-ipad-air-bei-vertragsabschluss-ab-4995-euro-an","status":"publish","type":"post","link":"https:\/\/www.ifun.de\/telekom-bietet-ipad-air-bei-vertragsabschluss-ab-4995-euro-an-49468\/","title":{"rendered":"Telekom bietet iPad Air mit Vertrag ab 49,95 Euro an"},"content":{"rendered":"<p>W\u00e4hrend eine Bestellung bei Apple weiterhin noch nicht m\u00f6glich ist, bietet die <a href=\"http:\/\/clkde.tradedoubler.com\/click?p=74924&#038;a=747172&#038;g=20349852\">Telekom<\/a> das iPad Air inzwischen zusammen mit ihren Datentarifen an.<\/p>\n<p><a href=\"http:\/\/images.ifun.de\/wp-content\/uploads\/2013\/11\/ipadair-telekom.jpg\"><img loading=\"lazy\" decoding=\"async\" src=\"http:\/\/images.ifun.de\/wp-content\/uploads\/2013\/11\/ipadair-telekom.jpg\" alt=\"ipadair-telekom\" width=\"500\" height=\"351\" class=\"aligncenter size-full wp-image-49469\" srcset=\"https:\/\/images.ifun.de\/wp-content\/uploads\/2013\/11\/ipadair-telekom.jpg 500w, https:\/\/images.ifun.de\/wp-content\/uploads\/2013\/11\/ipadair-telekom-300x210.jpg 300w\" sizes=\"auto, (max-width: 500px) 100vw, 500px\" \/><\/a><\/p>\n<p>Wer das gr\u00f6\u00dfte Paket \u201eMobile Data L\u201c zu monatlich 46,95 w\u00e4hlt (aktuelles Angebot bei Onlinebestellung), erh\u00e4lt das iPad Air Cellular je nach Speicherausstattung gegen eine einmalige Zuzahlung von 49,95 Euro. Im g\u00fcnstigsten Tarif Mobile Data S (26,95\/Monat)  steigt der Preis f\u00fcr das neue iPad auf 219,95 Euro.<\/p>\n","protected":false},"excerpt":{"rendered":"<a href=\"https:\/\/www.ifun.de\/telekom-bietet-ipad-air-bei-vertragsabschluss-ab-4995-euro-an-49468\/\"><img width=\"150\" height=\"150\" src=\"https:\/\/images.ifun.de\/wp-content\/uploads\/2013\/11\/ipadair-telekom-150x150.jpg\" class=\"alignright tfe wp-post-image\" alt=\"\" decoding=\"async\" loading=\"lazy\" \/><\/a><p>W\u00e4hrend eine Bestellung bei Apple weiterhin noch nicht m\u00f6glich ist, bietet die Telekom das iPad Air inzwischen zusammen mit ihren Datentarifen an. Wer das gr\u00f6\u00dfte Paket \u201eMobile Data L\u201c zu monatlich 46,95 w\u00e4hlt (aktuelles Angebot bei Onlinebestellung), erh\u00e4lt das iPad Air Cellular je nach Speicherausstattung gegen eine einmalige Zuzahlung von 49,95 Euro. Im g\u00fcnstigsten Tarif [&hellip;]<\/p>\n","protected":false},"author":2,"featured_media":49469,"comment_status":"open","ping_status":"closed","sticky":false,"template":"","format":"standard","meta":{"_acf_changed":false,"footnotes":""},"categories":[10],"tags":[2067,282],"class_list":["post-49468","post","type-post","status-publish","format-standard","has-post-thumbnail","hentry","category-ipad","tag-ipad-air","tag-telekom"],"acf":[],"aioseo_notices":[],"featured_image":["http:\/\/images.ifun.de\/wp-content\/uploads\/2013\/11\/telekom.jpg"],"rest_api_enabler":{"featured_image":"http:\/\/images.ifun.de\/wp-content\/uploads\/2013\/11\/telekom.jpg"},"_links":{"self":[{"href":"https:\/\/www.ifun.de\/apiv2\/wp\/v2\/posts\/49468","targetHints":{"allow":["GET"]}}],"collection":[{"href":"https:\/\/www.ifun.de\/apiv2\/wp\/v2\/posts"}],"about":[{"href":"https:\/\/www.ifun.de\/apiv2\/wp\/v2\/types\/post"}],"author":[{"embeddable":true,"href":"https:\/\/www.ifun.de\/apiv2\/wp\/v2\/users\/2"}],"replies":[{"embeddable":true,"href":"https:\/\/www.ifun.de\/apiv2\/wp\/v2\/comments?post=49468"}],"version-history":[{"count":2,"href":"https:\/\/www.ifun.de\/apiv2\/wp\/v2\/posts\/49468\/revisions"}],"predecessor-version":[{"id":49472,"href":"https:\/\/www.ifun.de\/apiv2\/wp\/v2\/posts\/49468\/revisions\/49472"}],"wp:featuredmedia":[{"embeddable":true,"href":"https:\/\/www.ifun.de\/apiv2\/wp\/v2\/media\/49469"}],"wp:attachment":[{"href":"https:\/\/www.ifun.de\/apiv2\/wp\/v2\/media?parent=49468"}],"wp:term":[{"taxonomy":"category","embeddable":true,"href":"https:\/\/www.ifun.de\/apiv2\/wp\/v2\/categories?post=49468"},{"taxonomy":"post_tag","embeddable":true,"href":"https:\/\/www.ifun.de\/apiv2\/wp\/v2\/tags?post=49468"}],"curies":[{"name":"wp","href":"https:\/\/api.w.org\/{rel}","templated":true}]}}