{"id":49438,"date":"2013-10-31T15:26:22","date_gmt":"2013-10-31T14:26:22","guid":{"rendered":"http:\/\/www.ifun.de\/?p=49438"},"modified":"2013-10-31T16:11:21","modified_gmt":"2013-10-31T15:11:21","slug":"macbook-pro-2011-mit-grafikproblemen-beim-modell-2013-streiken-eingabegeraete","status":"publish","type":"post","link":"https:\/\/www.ifun.de\/macbook-pro-2011-mit-grafikproblemen-beim-modell-2013-streiken-eingabegeraete-49438\/","title":{"rendered":"MacBook Pro 2011 mit Grafikproblemen, beim Modell 2013 streiken Eingabeger\u00e4te"},"content":{"rendered":"<p>Ein Teil der MacBook-Pro-Besitzer schl\u00e4gt sich derzeit mit Problemen herum, denen zumindest teilweise auch defekte Hardware zugrunde liegt. Besitzer der Anfang 2011 eingef\u00fchrten Generation des MacBook Pro <a href=\"https:\/\/discussions.apple.com\/thread\/4766577?start=780&#038;tstart=0\">berichten<\/a> von schweren Grafikfehlern, die scheinbar vermehrt nach der Installation von OS X Mavericks auftreten, zumindest teilweise aber auch schon davor da waren.<\/p>\n<p><a href=\"http:\/\/images.ifun.de\/wp-content\/uploads\/2013\/10\/mbpro-grafikfehler.jpg\"><img loading=\"lazy\" decoding=\"async\" src=\"http:\/\/images.ifun.de\/wp-content\/uploads\/2013\/10\/mbpro-grafikfehler.jpg\" alt=\"mbpro-grafikfehler\" width=\"450\" height=\"336\" class=\"aligncenter size-full wp-image-49441\" srcset=\"https:\/\/images.ifun.de\/wp-content\/uploads\/2013\/10\/mbpro-grafikfehler.jpg 450w, https:\/\/images.ifun.de\/wp-content\/uploads\/2013\/10\/mbpro-grafikfehler-300x224.jpg 300w\" sizes=\"auto, (max-width: 450px) 100vw, 450px\" \/><\/a><\/p>\n<p>Konkret \u00e4u\u00dfert sich das Ganze massive Bildst\u00f6rungen und Abst\u00fcrze, in deren Folge die Computer teils sogar unbenutzbar sind. Michael schreibt uns:<\/p>\n<blockquote><p> Nach etwas Recherchen, einige frischen Neuinstallationen und leider keiner L\u00f6sung entpuppt sich mein Problem offenbar als ein hardwareseitiger Produktionsfehler, den offenbar sehr viele Early-2011-MBP haben &#8211; der Fehler \u00e4u\u00dfert sich exakt so, wie auch bei dem iMac aus der gleichen Zeit, f\u00fcr den Apple inzwischen ein offizielles Austauschprogramm anbietet: Blaue Vertikale Streifen oder ein Black Screen, verzerrte Bilder mit anschlie\u00dfendem Absturz.<\/p><\/blockquote>\n<p>Ein \u00e4hnliches Problem gab es mit iMacs aus dem Jahr 2011, Apple hatte in diesem Fall ein offizielles <a href=\"http:\/\/www.ifun.de\/apple-tauscht-amd-grafikkarten-bei-27-imacs-aus-den-jahren-2011-und-2012-44730\/\">Austauschprogramm<\/a> ins Leben gerufen und es scheint zumindest nicht unwahrscheinlich, dass wir f\u00fcr die aktuellen MacBook-Probleme auf eine \u00e4hnliche L\u00f6sung warten d\u00fcrfen. Konkret scheint es sich um ein Temperaturproblem beim verbauten Grafikprozessor zu handeln.<\/p>\n<p>Falls ihr von diesen Problemen betroffen seid und euer MacBook bereits au\u00dferhalb der Garantie ist, empfehlen wir euch anstatt zu einem externen Serviceprovider zu gehen unbedingt den Kontakt direkt mit Apple. Macht die Supportmitarbeiter darauf aufmerksam, dass es sich um ein weit verbreitetes Problem handelt. Ihr habt solange hier nicht offiziell ein Herstellungsfehler dokumentiert ist zwar nicht automatisch Anspruch auf eine kostenlose Reparatur, k\u00f6nnt aber zumindest auf Kulanz hoffen.<\/p>\n<h2>Tastaturprobleme beim 13\u201c Retina MacBook Pro<\/h2>\n<p>Auch mit Apples aktuellen MacBooks ist nicht alles in Ordnung, hier d\u00fcrften sich die Probleme aber deutlich einfacher l\u00f6sen lassen. Offenbar klagen etliche Nutzer der Notebooks \u00fcber <a href=\"http:\/\/support.apple.com\/kb\/TS5296\">Probleme mit der Tastatur und dem Trackpad<\/a> der Ger\u00e4te. Anscheinend lassen sich unter bestimmten Umst\u00e4nden keinerlei Eingaben mehr machen, Apple zeigt sich aber zuversichtlich, bald eine Fehlerl\u00f6sung bereitstellen zu k\u00f6nnen. Wir gehen davon aus, dass dies im Rahmen eines Software-Updates geschieht.<\/p>\n","protected":false},"excerpt":{"rendered":"<a href=\"https:\/\/www.ifun.de\/macbook-pro-2011-mit-grafikproblemen-beim-modell-2013-streiken-eingabegeraete-49438\/\"><img width=\"150\" height=\"150\" src=\"https:\/\/images.ifun.de\/wp-content\/uploads\/2013\/10\/mbpro-icon.jpg\" class=\"alignright tfe wp-post-image\" alt=\"\" decoding=\"async\" loading=\"lazy\" \/><\/a><p>Ein Teil der MacBook-Pro-Besitzer schl\u00e4gt sich derzeit mit Problemen herum, denen zumindest teilweise auch defekte Hardware zugrunde liegt. Besitzer der Anfang 2011 eingef\u00fchrten Generation des MacBook Pro berichten von schweren Grafikfehlern, die scheinbar vermehrt nach der Installation von OS X Mavericks auftreten, zumindest teilweise aber auch schon davor da waren. Konkret \u00e4u\u00dfert sich das Ganze [&hellip;]<\/p>\n","protected":false},"author":2,"featured_media":49442,"comment_status":"open","ping_status":"closed","sticky":false,"template":"","format":"standard","meta":{"_acf_changed":false,"footnotes":""},"categories":[16],"tags":[1493,200,224,391,348,381],"class_list":["post-49438","post","type-post","status-publish","format-standard","has-post-thumbnail","hentry","category-mac","tag-defekt","tag-grafik","tag-macbook-pro","tag-probleme","tag-tastatur","tag-trackpad"],"acf":[],"aioseo_notices":[],"featured_image":["http:\/\/images.ifun.de\/wp-content\/uploads\/2013\/10\/mppro-header.jpg"],"rest_api_enabler":{"featured_image":"http:\/\/images.ifun.de\/wp-content\/uploads\/2013\/10\/mppro-header.jpg"},"_links":{"self":[{"href":"https:\/\/www.ifun.de\/apiv2\/wp\/v2\/posts\/49438","targetHints":{"allow":["GET"]}}],"collection":[{"href":"https:\/\/www.ifun.de\/apiv2\/wp\/v2\/posts"}],"about":[{"href":"https:\/\/www.ifun.de\/apiv2\/wp\/v2\/types\/post"}],"author":[{"embeddable":true,"href":"https:\/\/www.ifun.de\/apiv2\/wp\/v2\/users\/2"}],"replies":[{"embeddable":true,"href":"https:\/\/www.ifun.de\/apiv2\/wp\/v2\/comments?post=49438"}],"version-history":[{"count":7,"href":"https:\/\/www.ifun.de\/apiv2\/wp\/v2\/posts\/49438\/revisions"}],"predecessor-version":[{"id":49448,"href":"https:\/\/www.ifun.de\/apiv2\/wp\/v2\/posts\/49438\/revisions\/49448"}],"wp:featuredmedia":[{"embeddable":true,"href":"https:\/\/www.ifun.de\/apiv2\/wp\/v2\/media\/49442"}],"wp:attachment":[{"href":"https:\/\/www.ifun.de\/apiv2\/wp\/v2\/media?parent=49438"}],"wp:term":[{"taxonomy":"category","embeddable":true,"href":"https:\/\/www.ifun.de\/apiv2\/wp\/v2\/categories?post=49438"},{"taxonomy":"post_tag","embeddable":true,"href":"https:\/\/www.ifun.de\/apiv2\/wp\/v2\/tags?post=49438"}],"curies":[{"name":"wp","href":"https:\/\/api.w.org\/{rel}","templated":true}]}}