{"id":49360,"date":"2013-10-31T07:16:50","date_gmt":"2013-10-31T06:16:50","guid":{"rendered":"http:\/\/www.ifun.de\/?p=49360"},"modified":"2013-10-31T07:17:20","modified_gmt":"2013-10-31T06:17:20","slug":"ipad-mini-retina-ab-21-november-ipad-air-wohl-in-ausreichender-stueckzahl","status":"publish","type":"post","link":"https:\/\/www.ifun.de\/ipad-mini-retina-ab-21-november-ipad-air-wohl-in-ausreichender-stueckzahl-49360\/","title":{"rendered":"iPad mini Retina ab 21. November? iPad Air wohl in ausreichender St\u00fcckzahl vorhanden"},"content":{"rendered":"<p>Das US-Unternehmen Target gibt <a href=\"http:\/\/www.target.com\/p\/apple-ipad-mini-with-retina-display-16gb-wi-fi-space-gray-black-me276ll-a\/-\/A-14423840\">auf seiner Webseite<\/a> an, dass das iPad mini mit Retina-Bildschirm vom 21. November an erh\u00e4ltlich sein wird. Nun ist nat\u00fcrlich durchaus m\u00f6glich, dass die Einzelhandelskette das Datum rein spekulativ eingesetzt hat, Target ist in den USA jedoch ein starker Apple-Partner und es w\u00e4re zumindest nicht auszuschlie\u00dfen, dass das Unternehmen bereits \u00fcber entsprechende Informationen verf\u00fcgt. (via <a href=\"http:\/\/www.macrumors.com\">Mac Rumors<\/a>)<\/p>\n<p><a href=\"http:\/\/images.ifun.de\/wp-content\/uploads\/2013\/10\/target.jpg\"><img loading=\"lazy\" decoding=\"async\" src=\"http:\/\/images.ifun.de\/wp-content\/uploads\/2013\/10\/target.jpg\" alt=\"target\" width=\"500\" height=\"287\" class=\"aligncenter size-full wp-image-49363\" srcset=\"https:\/\/images.ifun.de\/wp-content\/uploads\/2013\/10\/target.jpg 500w, https:\/\/images.ifun.de\/wp-content\/uploads\/2013\/10\/target-300x172.jpg 300w\" sizes=\"auto, (max-width: 500px) 100vw, 500px\" \/><\/a><\/p>\n<p>Apple verspricht bislang lediglich, dass das kleine Retina-iPad noch im November in den Handel kommt. Angesichts der Tatsache, dass das letzte Novemberwochenende in den USA ganz im Schatten von Thanksgiving und dem Schn\u00e4ppchentag \u201eBlack Friday\u201c steht, steht die vorletzte Woche des Monats mit Blick auf den Verkaufsstart des iPad mini Retina hoch im Kurs. Ungewohnt ist allerdings der von Target genannte Wochentag. Beim 21. November handelt es sich um einen Donnerstag, wir h\u00e4tten f\u00fcr den Retina-Mini-Verkaufsstart ja eher auf einen Freitag getippt.<\/p>\n<h2>Vorbestellung iPad Air<\/h2>\n<p>Wir bekommen weiterhin viele E-Mails mit Anfragen bez\u00fcglich des Vorbestellungsstarts f\u00fcr das iPad Air. Apple hat sich dazu weiterhin nicht ge\u00e4u\u00dfert, es ist jedoch anzunehmen, dass sich die neuen Ger\u00e4te bereits deutlich vor Laden\u00f6ffnung im <a href=\"http:\/\/ifun.de\/applestore\/http:\/\/store.apple.com\/de\/go\/ipad\">Apple-Onlinestore<\/a> bestellen lassen. Vermutlich wird das neuen iPad wie die neuen iPhone-Modelle letzten Monat ab 1 Uhr nachts f\u00fcr den Warenkorb freigegeben. Wir hatten allerdings auch schon Produkteinf\u00fchrungen, die ab 0 Uhr bestellbar waren und ebenso solche, die sich erst gegen 3 Uhr bereit fanden. In jedem Fall halten wir euch hierzu auf dem Laufenden.<\/p>\n<h2>Gute Verf\u00fcgbarkeit des iPad Air<\/h2>\n<p>Jedenfalls scheint es, als sei das iPad Air zum Verkaufsstart in ausreichender St\u00fcckzahl vorhanden. Derzeit werden nicht nur die Apple-Ladengesch\u00e4fte, sondern auch externe Apple-H\u00e4ndler mit Ware beliefert und die zugeteilten Mengen seien im Vergleich zu anderen Produktstarts ausgesprochen gro\u00dfz\u00fcgig.<\/p>\n","protected":false},"excerpt":{"rendered":"<a href=\"https:\/\/www.ifun.de\/ipad-mini-retina-ab-21-november-ipad-air-wohl-in-ausreichender-stueckzahl-49360\/\"><img width=\"150\" height=\"150\" src=\"https:\/\/images.ifun.de\/wp-content\/uploads\/2013\/10\/air-icon.jpg\" class=\"alignright tfe wp-post-image\" alt=\"\" decoding=\"async\" loading=\"lazy\" \/><\/a><p>Das US-Unternehmen Target gibt auf seiner Webseite an, dass das iPad mini mit Retina-Bildschirm vom 21. November an erh\u00e4ltlich sein wird. Nun ist nat\u00fcrlich durchaus m\u00f6glich, dass die Einzelhandelskette das Datum rein spekulativ eingesetzt hat, Target ist in den USA jedoch ein starker Apple-Partner und es w\u00e4re zumindest nicht auszuschlie\u00dfen, dass das Unternehmen bereits \u00fcber [&hellip;]<\/p>\n","protected":false},"author":2,"featured_media":49362,"comment_status":"open","ping_status":"closed","sticky":false,"template":"","format":"standard","meta":{"_acf_changed":false,"footnotes":""},"categories":[10],"tags":[2067,1335,2072],"class_list":["post-49360","post","type-post","status-publish","format-standard","has-post-thumbnail","hentry","category-ipad","tag-ipad-air","tag-ipad-mini","tag-ipad-mini-retina"],"acf":[],"aioseo_notices":[],"featured_image":["http:\/\/images.ifun.de\/wp-content\/uploads\/2013\/10\/air-header.jpg"],"rest_api_enabler":{"featured_image":"http:\/\/images.ifun.de\/wp-content\/uploads\/2013\/10\/air-header.jpg"},"_links":{"self":[{"href":"https:\/\/www.ifun.de\/apiv2\/wp\/v2\/posts\/49360","targetHints":{"allow":["GET"]}}],"collection":[{"href":"https:\/\/www.ifun.de\/apiv2\/wp\/v2\/posts"}],"about":[{"href":"https:\/\/www.ifun.de\/apiv2\/wp\/v2\/types\/post"}],"author":[{"embeddable":true,"href":"https:\/\/www.ifun.de\/apiv2\/wp\/v2\/users\/2"}],"replies":[{"embeddable":true,"href":"https:\/\/www.ifun.de\/apiv2\/wp\/v2\/comments?post=49360"}],"version-history":[{"count":2,"href":"https:\/\/www.ifun.de\/apiv2\/wp\/v2\/posts\/49360\/revisions"}],"predecessor-version":[{"id":49365,"href":"https:\/\/www.ifun.de\/apiv2\/wp\/v2\/posts\/49360\/revisions\/49365"}],"wp:featuredmedia":[{"embeddable":true,"href":"https:\/\/www.ifun.de\/apiv2\/wp\/v2\/media\/49362"}],"wp:attachment":[{"href":"https:\/\/www.ifun.de\/apiv2\/wp\/v2\/media?parent=49360"}],"wp:term":[{"taxonomy":"category","embeddable":true,"href":"https:\/\/www.ifun.de\/apiv2\/wp\/v2\/categories?post=49360"},{"taxonomy":"post_tag","embeddable":true,"href":"https:\/\/www.ifun.de\/apiv2\/wp\/v2\/tags?post=49360"}],"curies":[{"name":"wp","href":"https:\/\/api.w.org\/{rel}","templated":true}]}}