{"id":49281,"date":"2013-10-30T13:11:13","date_gmt":"2013-10-30T12:11:13","guid":{"rendered":"http:\/\/www.ifun.de\/?p=49281"},"modified":"2013-10-30T13:11:36","modified_gmt":"2013-10-30T12:11:36","slug":"glueck-gehabt-weiterhin-nur-1-gb-ram-im-ipad-air","status":"publish","type":"post","link":"https:\/\/www.ifun.de\/glueck-gehabt-weiterhin-nur-1-gb-ram-im-ipad-air-49281\/","title":{"rendered":"Gl\u00fcck gehabt: Weiterhin nur 1 GB Arbeitsspeicher im iPad Air"},"content":{"rendered":"<p>Kurz vor dem offiziellen Verkaufsstart des iPad Air, trudeln aus den vereinigten Staaten derzeit die ersten <a href=\"http:\/\/www.ifun.de\/ipad-air-im-review-super-leicht-und-bis-zu-90-schneller-als-das-ipad-4-49287\/\">Ger\u00e4te-Besprechungen<\/a> des bislang wohl signifikantesten iPad-Updates ein. Gerade den technisch Interessierten k\u00f6nnen wir vor allem den auf <a href=\"http:\/\/www.anandtech.com\/show\/7460\/apple-ipad-air-review\">Anandtech ver\u00f6ffentlichten<\/a> Text ans Herz legen. Dieser geht nicht nur auf die von au\u00dfen erkennbaren Neuerungen ein, sondern ber\u00fccksichtigt vor allem die Architektur unter dem Retina-Display.<\/p>\n<p>Eines der spannendsten Fundst\u00fccke (vor allem da Apple regelm\u00e4\u00dfig auf die Angabe des verbauten Arbeitsspeichers verzichtet): Auch das iPad Air ist nur mit 1GB Arbeitsspeicher ausgestattet. Unterscheidet sich &#8211; abgesehen vom schnelleren Prozessor und der verbesserten Grafik-Leistung also zumindest hier weder vom iPad 4 noch vom iPad 3. Einzig die erste iPad Generation (256MB) und deren Nachfolger, das iPad 2 (512MB) haben weniger fl\u00fcchtigen Speicher unter der Haube. <\/p>\n<p><a href=\"http:\/\/images.ifun.de\/wp-content\/uploads\/2013\/10\/specs.jpg\"><img loading=\"lazy\" decoding=\"async\" src=\"http:\/\/images.ifun.de\/wp-content\/uploads\/2013\/10\/specs.jpg\" alt=\"specs\" width=\"585\" height=\"650\" class=\"aligncenter size-full wp-image-49282\" srcset=\"https:\/\/images.ifun.de\/wp-content\/uploads\/2013\/10\/specs.jpg 585w, https:\/\/images.ifun.de\/wp-content\/uploads\/2013\/10\/specs-270x300.jpg 270w\" sizes=\"auto, (max-width: 585px) 100vw, 585px\" \/><\/a><\/p>\n<p>Gl\u00fcck gehabt! Denn obwohl die offensichtliche Frage &#8211; Warum hat Apple dem neuen Flaggschiff keine 2GB spendiert? &#8211; auf der Hand liegt, k\u00f6nnen sich vor allem Bestandskunden \u00fcber die, in diesem Bereich eher zur\u00fcckhaltende Ausstattung freuen. <\/p>\n<p>H\u00e4tte Apple dem neuen iPad eine RAM-Verdopplung mit auf den Weg gegeben, w\u00fcrden viele Entwickler ihre Anwendungen nicht mehr f\u00fcr die Arbeitsspeicher-Verh\u00e4ltnisse der Vorg\u00e4nger-Generationen optimieren. Die Folge: Schon jetzt bekannte App Store-Hinweise wie &#8222;Dieses Spiel l\u00e4uft ab iPad 3 und neuer&#8220; w\u00fcrden auch die iPad-Familie ein zweites Mal zerteilen und eine Reihe von Anwendungen begleiten, die sich nur auf dem iPad Air einsetzen lassen w\u00fcrden. <\/p>\n<p>So jedoch darf davon ausgegangen werden, dass auch die im kommenden Jahr ver\u00f6ffentlichten Apps noch weitgehend problemlos auch auf iPad 3 und iPad 4 eingesetzt werden k\u00f6nnen. Apple muss sich den Vorwurf der &#8222;<a href=\"http:\/\/en.wikipedia.org\/wiki\/Planned_obsolescence\">Planned obsolescence<\/a>&#8220; diesmal nicht gefallen lassen. <\/p>\n","protected":false},"excerpt":{"rendered":"<a href=\"https:\/\/www.ifun.de\/glueck-gehabt-weiterhin-nur-1-gb-ram-im-ipad-air-49281\/\"><img width=\"150\" height=\"150\" src=\"https:\/\/images.ifun.de\/wp-content\/uploads\/2013\/10\/ram-150x150.jpg\" class=\"alignright tfe wp-post-image\" alt=\"\" decoding=\"async\" loading=\"lazy\" \/><\/a><p>Kurz vor dem offiziellen Verkaufsstart des iPad Air, trudeln aus den vereinigten Staaten derzeit die ersten Ger\u00e4te-Besprechungen des bislang wohl signifikantesten iPad-Updates ein. Gerade den technisch Interessierten k\u00f6nnen wir vor allem den auf Anandtech ver\u00f6ffentlichten Text ans Herz legen. Dieser geht nicht nur auf die von au\u00dfen erkennbaren Neuerungen ein, sondern ber\u00fccksichtigt vor allem die [&hellip;]<\/p>\n","protected":false},"author":1,"featured_media":49283,"comment_status":"open","ping_status":"closed","sticky":false,"template":"","format":"standard","meta":{"_acf_changed":false,"footnotes":""},"categories":[10],"tags":[4740,2067,1527,225],"class_list":["post-49281","post","type-post","status-publish","format-standard","has-post-thumbnail","hentry","category-ipad","tag-ipad","tag-ipad-air","tag-specs","tag-zahlen"],"acf":[],"aioseo_notices":[],"featured_image":["http:\/\/images.ifun.de\/wp-content\/uploads\/2013\/10\/ram.jpg"],"subheadline":["Arbeitsspeicher im iPad Air"],"rest_api_enabler":{"featured_image":"http:\/\/images.ifun.de\/wp-content\/uploads\/2013\/10\/ram.jpg","subheadline":"Arbeitsspeicher im iPad Air"},"_links":{"self":[{"href":"https:\/\/www.ifun.de\/apiv2\/wp\/v2\/posts\/49281","targetHints":{"allow":["GET"]}}],"collection":[{"href":"https:\/\/www.ifun.de\/apiv2\/wp\/v2\/posts"}],"about":[{"href":"https:\/\/www.ifun.de\/apiv2\/wp\/v2\/types\/post"}],"author":[{"embeddable":true,"href":"https:\/\/www.ifun.de\/apiv2\/wp\/v2\/users\/1"}],"replies":[{"embeddable":true,"href":"https:\/\/www.ifun.de\/apiv2\/wp\/v2\/comments?post=49281"}],"version-history":[{"count":6,"href":"https:\/\/www.ifun.de\/apiv2\/wp\/v2\/posts\/49281\/revisions"}],"predecessor-version":[{"id":49313,"href":"https:\/\/www.ifun.de\/apiv2\/wp\/v2\/posts\/49281\/revisions\/49313"}],"wp:featuredmedia":[{"embeddable":true,"href":"https:\/\/www.ifun.de\/apiv2\/wp\/v2\/media\/49283"}],"wp:attachment":[{"href":"https:\/\/www.ifun.de\/apiv2\/wp\/v2\/media?parent=49281"}],"wp:term":[{"taxonomy":"category","embeddable":true,"href":"https:\/\/www.ifun.de\/apiv2\/wp\/v2\/categories?post=49281"},{"taxonomy":"post_tag","embeddable":true,"href":"https:\/\/www.ifun.de\/apiv2\/wp\/v2\/tags?post=49281"}],"curies":[{"name":"wp","href":"https:\/\/api.w.org\/{rel}","templated":true}]}}