{"id":49201,"date":"2013-10-29T10:00:24","date_gmt":"2013-10-29T09:00:24","guid":{"rendered":"http:\/\/www.ifun.de\/?p=49201"},"modified":"2013-10-29T10:11:32","modified_gmt":"2013-10-29T09:11:32","slug":"ipad-verkaufsstart-apple-stores-oeffnen-samstag-um-8-uhr-welches-ipad-ist-euer-favorit","status":"publish","type":"post","link":"https:\/\/www.ifun.de\/ipad-verkaufsstart-apple-stores-oeffnen-samstag-um-8-uhr-welches-ipad-ist-euer-favorit-49201\/","title":{"rendered":"Wegen Feiertag: iPad-Verkaufsstart teilweise Samstag um 8 Uhr"},"content":{"rendered":"<p>Auf die Problematik, dass der 1. November in den Bundesl\u00e4ndern Baden-W\u00fcrttemberg, Bayern, NRW, Rheinland-Pfalz und Saarland ein Feiertag ist, und der Verkaufsstart des <a href=\"http:\/\/ifun.de\/applestore\/http:\/\/store.apple.com\/de\/go\/ipad\">iPad Air<\/a> dort somit nicht wie von Apple USA geplant stattfinden kann, haben wir ja bereits hingewiesen. Zumindest ein Teil der betroffenen Apple Stores wird aus diesem Grund am darauffolgenden Samstag fr\u00fcher als gewohnt bereits um 8 Uhr \u00f6ffnen. Die geplanten \u00d6ffnungszeiten k\u00f6nnt ihr im Einzelnen auf der jeweiligen <a href=\"http:\/\/www.apple.com\/de\/retail\/\">Webseite zum Store<\/a> nachschlagen. (Danke Tobias)<\/p>\n<p><a href=\"http:\/\/images.ifun.de\/wp-content\/uploads\/2013\/10\/apple-store-500.jpg\"><img loading=\"lazy\" decoding=\"async\" src=\"http:\/\/images.ifun.de\/wp-content\/uploads\/2013\/10\/apple-store-500.jpg\" alt=\"apple-store-500\" width=\"500\" height=\"338\" class=\"aligncenter size-full wp-image-49216\" srcset=\"https:\/\/images.ifun.de\/wp-content\/uploads\/2013\/10\/apple-store-500.jpg 500w, https:\/\/images.ifun.de\/wp-content\/uploads\/2013\/10\/apple-store-500-300x202.jpg 300w\" sizes=\"auto, (max-width: 500px) 100vw, 500px\" \/><\/a><\/p>\n<p>Apple wird das iPad Air in den Farben Spacegrau und Silber in jeweils acht verschiedenen Konfigurationen anbieten. Als Einstiegsmodell liegt die Wi-Fi-Variante mit 16 GB Speicher bei 479 Euro, f\u00fcr das Top-Modell mit 128 GB Speicher sowie Cellular-Option muss man 869 Euro hinbl\u00e4ttern. Allgemein wird eine gute Verf\u00fcgbarkeit der verschiedenen Variante erwartet.<\/p>\n","protected":false},"excerpt":{"rendered":"<a href=\"https:\/\/www.ifun.de\/ipad-verkaufsstart-apple-stores-oeffnen-samstag-um-8-uhr-welches-ipad-ist-euer-favorit-49201\/\"><img width=\"150\" height=\"150\" src=\"https:\/\/images.ifun.de\/wp-content\/uploads\/2013\/10\/ipad-air-icon-150x150.jpg\" class=\"alignright tfe wp-post-image\" alt=\"\" decoding=\"async\" loading=\"lazy\" srcset=\"https:\/\/images.ifun.de\/wp-content\/uploads\/2013\/10\/ipad-air-icon-150x150.jpg 150w, https:\/\/images.ifun.de\/wp-content\/uploads\/2013\/10\/ipad-air-icon.jpg 220w\" sizes=\"auto, (max-width: 150px) 100vw, 150px\" \/><\/a><p>Auf die Problematik, dass der 1. November in den Bundesl\u00e4ndern Baden-W\u00fcrttemberg, Bayern, NRW, Rheinland-Pfalz und Saarland ein Feiertag ist, und der Verkaufsstart des iPad Air dort somit nicht wie von Apple USA geplant stattfinden kann, haben wir ja bereits hingewiesen. Zumindest ein Teil der betroffenen Apple Stores wird aus diesem Grund am darauffolgenden Samstag fr\u00fcher [&hellip;]<\/p>\n","protected":false},"author":2,"featured_media":49217,"comment_status":"open","ping_status":"closed","sticky":false,"template":"","format":"standard","meta":{"_acf_changed":false,"footnotes":""},"categories":[10],"tags":[],"class_list":["post-49201","post","type-post","status-publish","format-standard","has-post-thumbnail","hentry","category-ipad"],"acf":[],"aioseo_notices":[],"featured_image":["http:\/\/images.ifun.de\/wp-content\/uploads\/2013\/10\/apple-store-header.jpg"],"rest_api_enabler":{"featured_image":"http:\/\/images.ifun.de\/wp-content\/uploads\/2013\/10\/apple-store-header.jpg"},"_links":{"self":[{"href":"https:\/\/www.ifun.de\/apiv2\/wp\/v2\/posts\/49201","targetHints":{"allow":["GET"]}}],"collection":[{"href":"https:\/\/www.ifun.de\/apiv2\/wp\/v2\/posts"}],"about":[{"href":"https:\/\/www.ifun.de\/apiv2\/wp\/v2\/types\/post"}],"author":[{"embeddable":true,"href":"https:\/\/www.ifun.de\/apiv2\/wp\/v2\/users\/2"}],"replies":[{"embeddable":true,"href":"https:\/\/www.ifun.de\/apiv2\/wp\/v2\/comments?post=49201"}],"version-history":[{"count":12,"href":"https:\/\/www.ifun.de\/apiv2\/wp\/v2\/posts\/49201\/revisions"}],"predecessor-version":[{"id":49227,"href":"https:\/\/www.ifun.de\/apiv2\/wp\/v2\/posts\/49201\/revisions\/49227"}],"wp:featuredmedia":[{"embeddable":true,"href":"https:\/\/www.ifun.de\/apiv2\/wp\/v2\/media\/49217"}],"wp:attachment":[{"href":"https:\/\/www.ifun.de\/apiv2\/wp\/v2\/media?parent=49201"}],"wp:term":[{"taxonomy":"category","embeddable":true,"href":"https:\/\/www.ifun.de\/apiv2\/wp\/v2\/categories?post=49201"},{"taxonomy":"post_tag","embeddable":true,"href":"https:\/\/www.ifun.de\/apiv2\/wp\/v2\/tags?post=49201"}],"curies":[{"name":"wp","href":"https:\/\/api.w.org\/{rel}","templated":true}]}}