{"id":48241,"date":"2013-10-14T20:02:21","date_gmt":"2013-10-14T18:02:21","guid":{"rendered":"http:\/\/www.ifun.de\/?p=48241"},"modified":"2013-10-14T20:02:21","modified_gmt":"2013-10-14T18:02:21","slug":"ipad-mini-mit-retina-bildschirm-angeblich-dicker-als-das-aktuelle-modell","status":"publish","type":"post","link":"https:\/\/www.ifun.de\/ipad-mini-mit-retina-bildschirm-angeblich-dicker-als-das-aktuelle-modell-48241\/","title":{"rendered":"iPad mini mit Retina-Bildschirm angeblich dicker als das aktuelle Modell"},"content":{"rendered":"<p>Wird das iPad mini mit Retina-Bildschirm dicker? Vermutlich ja, aber das h\u00f6rt sich jetzt alles schlimmer an als es ist. Am Ende geht es lediglich nur um 0,3 Millimeter und man k\u00f6nnte diese Nachricht durchaus auch positiv sehen, n\u00e4mlich als Indiz daf\u00fcr, dass vielleicht schon in K\u00fcrze auch Apples kleines iPad mit hochaufl\u00f6sendem Display kaufen k\u00f6nnen.<\/p>\n<p><a href=\"http:\/\/images.ifun.de\/wp-content\/uploads\/2013\/10\/ipad-mini.jpg\"><img loading=\"lazy\" decoding=\"async\" src=\"http:\/\/images.ifun.de\/wp-content\/uploads\/2013\/10\/ipad-mini.jpg\" alt=\"ipad-mini\" width=\"500\" height=\"314\" class=\"aligncenter size-full wp-image-48243\" srcset=\"https:\/\/images.ifun.de\/wp-content\/uploads\/2013\/10\/ipad-mini.jpg 500w, https:\/\/images.ifun.de\/wp-content\/uploads\/2013\/10\/ipad-mini-300x188.jpg 300w\" sizes=\"auto, (max-width: 500px) 100vw, 500px\" \/><\/a><\/p>\n<p>Urheber f\u00fcr die aktuellen Ger\u00fcchte ist das japanische Blog <a href=\"http:\/\/www.macotakara.jp\/blog\/report\/entry-21418.html\">Macotakara<\/a>. Die Webseite bezieht ihre Informationen von chinesischen H\u00fcllenherstellern, die davon ausgehen, dass das n\u00e4chste iPad mini statt der aktuellen 7,2 dann 7,5 Millimeter dick und mit 134,9 zudem 0,2 Millimeter breiter ist. Wir haben zwar bereits eine R\u00fcckschale der n\u00e4chsten iPad-mini-Generation <a href=\"http:\/\/www.ifun.de\/produktionsprobleme-ipad-mini-retina-angeblich-erst-im-naechsten-jahr-47489\/\">vorliegen<\/a>, f\u00fcr die gr\u00f6\u00dferen Abmessungen am Ende aber der Bildschirm zusammen mit der Frontplatte verantwortlich sein. Daher k\u00f6nnen wir diese Angaben weder best\u00e4tigen noch widerlegen.<\/p>\n<p>Wie gesagt, die leicht ver\u00e4nderten Abmessungen d\u00fcrften euch am Ende nicht st\u00f6ren. <a href=\"http:\/\/www.ifun.de\/nachstes-ipad-vermutlich-08-mm-dicker-als-aktuelle-generation-22510\/\">\u00c4hnliches<\/a> haben wir bereits beim Sprung des gro\u00dfen iPad zu zum Retina-Bildschirm gesehen, am Ende lie\u00dfen sich sogar noch die meisten H\u00fcllen problemlos weiter benutzen. Erfreulich ist dieses wenngleich unbest\u00e4tigte Detail vor allem f\u00fcr all jene, die auf eine Version des kleinen iPad mit hochaufl\u00f6sendem Bildschirm warten. Zuletzt wurde eine Vorstellung noch in diesem Jahr ja von der Ger\u00fcchtek\u00fcche als eher unwahrscheinlich eingestuft. (via <a href=\"http:\/\/www.macrumors.com\/2013\/10\/14\/third-party-cases-for-next-ipad-mini-suggest-slight-thickening-to-accomodate-retina-display\/\">Mac Rumors<\/a>)<\/p>\n<p>Mit einer Vorstellung der n\u00e4chsten iPad-Generationen wird bereits n\u00e4chste Woche gerechnet. Allerdings m\u00fcsste Apple dann sp\u00e4testens morgen die Presseeinladungen f\u00fcr ein entsprechendes Event verschicken. Wir halten euch auf dem Laufenden.<\/p>\n","protected":false},"excerpt":{"rendered":"<a href=\"https:\/\/www.ifun.de\/ipad-mini-mit-retina-bildschirm-angeblich-dicker-als-das-aktuelle-modell-48241\/\"><img width=\"150\" height=\"150\" src=\"https:\/\/images.ifun.de\/wp-content\/uploads\/2013\/10\/ipad-mini-150x150.jpg\" class=\"alignright tfe wp-post-image\" alt=\"\" decoding=\"async\" loading=\"lazy\" \/><\/a><p>Wird das iPad mini mit Retina-Bildschirm dicker? Vermutlich ja, aber das h\u00f6rt sich jetzt alles schlimmer an als es ist. Am Ende geht es lediglich nur um 0,3 Millimeter und man k\u00f6nnte diese Nachricht durchaus auch positiv sehen, n\u00e4mlich als Indiz daf\u00fcr, dass vielleicht schon in K\u00fcrze auch Apples kleines iPad mit hochaufl\u00f6sendem Display kaufen [&hellip;]<\/p>\n","protected":false},"author":2,"featured_media":48243,"comment_status":"open","ping_status":"closed","sticky":false,"template":"","format":"standard","meta":{"_acf_changed":false,"footnotes":""},"categories":[18],"tags":[3910,1335,524],"class_list":["post-48241","post","type-post","status-publish","format-standard","has-post-thumbnail","hentry","category-rumors","tag-geruechte","tag-ipad-mini","tag-retina"],"acf":[],"aioseo_notices":[],"featured_image":["http:\/\/images.ifun.de\/wp-content\/uploads\/2013\/10\/ipad-mini-retina-header.jpg"],"rest_api_enabler":{"featured_image":"http:\/\/images.ifun.de\/wp-content\/uploads\/2013\/10\/ipad-mini-retina-header.jpg"},"_links":{"self":[{"href":"https:\/\/www.ifun.de\/apiv2\/wp\/v2\/posts\/48241","targetHints":{"allow":["GET"]}}],"collection":[{"href":"https:\/\/www.ifun.de\/apiv2\/wp\/v2\/posts"}],"about":[{"href":"https:\/\/www.ifun.de\/apiv2\/wp\/v2\/types\/post"}],"author":[{"embeddable":true,"href":"https:\/\/www.ifun.de\/apiv2\/wp\/v2\/users\/2"}],"replies":[{"embeddable":true,"href":"https:\/\/www.ifun.de\/apiv2\/wp\/v2\/comments?post=48241"}],"version-history":[{"count":2,"href":"https:\/\/www.ifun.de\/apiv2\/wp\/v2\/posts\/48241\/revisions"}],"predecessor-version":[{"id":48244,"href":"https:\/\/www.ifun.de\/apiv2\/wp\/v2\/posts\/48241\/revisions\/48244"}],"wp:featuredmedia":[{"embeddable":true,"href":"https:\/\/www.ifun.de\/apiv2\/wp\/v2\/media\/48243"}],"wp:attachment":[{"href":"https:\/\/www.ifun.de\/apiv2\/wp\/v2\/media?parent=48241"}],"wp:term":[{"taxonomy":"category","embeddable":true,"href":"https:\/\/www.ifun.de\/apiv2\/wp\/v2\/categories?post=48241"},{"taxonomy":"post_tag","embeddable":true,"href":"https:\/\/www.ifun.de\/apiv2\/wp\/v2\/tags?post=48241"}],"curies":[{"name":"wp","href":"https:\/\/api.w.org\/{rel}","templated":true}]}}