{"id":47914,"date":"2013-10-09T07:12:19","date_gmt":"2013-10-09T05:12:19","guid":{"rendered":"http:\/\/www.ifun.de\/?p=47914"},"modified":"2013-10-09T07:12:19","modified_gmt":"2013-10-09T05:12:19","slug":"apple-store-offenbar-wegen-wartungsarbeiten-offline-icloud-probleme-bei-einigen-nutzern","status":"publish","type":"post","link":"https:\/\/www.ifun.de\/apple-store-offenbar-wegen-wartungsarbeiten-offline-icloud-probleme-bei-einigen-nutzern-47914\/","title":{"rendered":"Apple Store offenbar wegen Wartungsarbeiten offline &#8211; iCloud-Probleme bei einigen Nutzern"},"content":{"rendered":"<p>Der <a href=\"http:\/\/ifun.de\/applestore\/http:\/\/store.apple.com\/de\/go\/home\">Apple Online-Store<\/a> ist aktuell nicht erreichbar. Laut Apples <a href=\"http:\/\/www.apple.com\/support\/systemstatus\/\">System-Statusseite<\/a> handelt es sich aber um regul\u00e4re Wartungsarbeiten, die bis 10 Uhr andauern sollen.<\/p>\n<p><a href=\"http:\/\/images.ifun.de\/wp-content\/uploads\/2013\/05\/applestore.jpg\"><img loading=\"lazy\" decoding=\"async\" src=\"http:\/\/images.ifun.de\/wp-content\/uploads\/2013\/05\/applestore.jpg\" alt=\"applestore\" width=\"500\" height=\"304\" class=\"alignnone size-full wp-image-39921\" srcset=\"https:\/\/images.ifun.de\/wp-content\/uploads\/2013\/05\/applestore.jpg 500w, https:\/\/images.ifun.de\/wp-content\/uploads\/2013\/05\/applestore-300x182.jpg 300w\" sizes=\"auto, (max-width: 500px) 100vw, 500px\" \/><\/a><\/p>\n<p>Mit neuen Produkten, beispielsweise dem Verkaufsstart des Mac Pro beispielsweise, rechnen wir zudem erst nach der Ver\u00f6ffentlichung von OS X Mavericks. Mehr dazu werden wir sicher im Rahmen des vermutlich <a href=\"http:\/\/www.ifun.de\/ipad-event-am-22-oktober-laut-allthingsd-47902\/\">am 22. Oktober<\/a> stattfindenden iPad-Events erfahren. Sollte sich dennoch Relevantes tun, erfahrt ihr es hier nat\u00fcrlich sofort. Vielen Dank f\u00fcr eure Mails.<\/p>\n<h2>iCloud-Probleme bei &#8222;manchen Nutzern&#8220;<\/h2>\n<p>Im Apple-Systemstatus finden sich momentan auch nicht n\u00e4her definierte iCloud-Probleme gelistet. Die St\u00f6rung soll nur wenige Nutzer betreffen, grunds\u00e4tzlich l\u00e4sst sich allerdings sagen, dass wir in den letzten Tagen regelm\u00e4\u00dfig Leserzuschriften erhalten, in denen von Problemen beim Zugriff bzw. mit der Funktion von iCloud-Diensten die Rede ist.<\/p>\n","protected":false},"excerpt":{"rendered":"<a href=\"https:\/\/www.ifun.de\/apple-store-offenbar-wegen-wartungsarbeiten-offline-icloud-probleme-bei-einigen-nutzern-47914\/\"><img decoding=\"async\" width=\"150\" src=\"http:\/\/images.ifun.de\/wp-content\/uploads\/2013\/05\/applestore.jpg\" class=\"alignright wp-post-image tfe\" alt=\"applestore\" title=\"\" \/><\/a><p>Der Apple Online-Store ist aktuell nicht erreichbar. Laut Apples System-Statusseite handelt es sich aber um regul\u00e4re Wartungsarbeiten, die bis 10 Uhr andauern sollen. Mit neuen Produkten, beispielsweise dem Verkaufsstart des Mac Pro beispielsweise, rechnen wir zudem erst nach der Ver\u00f6ffentlichung von OS X Mavericks. Mehr dazu werden wir sicher im Rahmen des vermutlich am 22. [&hellip;]<\/p>\n","protected":false},"author":2,"featured_media":0,"comment_status":"open","ping_status":"closed","sticky":false,"template":"","format":"standard","meta":{"_acf_changed":false,"footnotes":""},"categories":[3],"tags":[49],"class_list":["post-47914","post","type-post","status-publish","format-standard","hentry","category-apple","tag-apple-store"],"acf":[],"aioseo_notices":[],"featured_image":["http:\/\/images.ifun.de\/wp-content\/uploads\/2013\/05\/baldwiederda.jpg"],"rest_api_enabler":{"featured_image":"http:\/\/images.ifun.de\/wp-content\/uploads\/2013\/05\/baldwiederda.jpg"},"_links":{"self":[{"href":"https:\/\/www.ifun.de\/apiv2\/wp\/v2\/posts\/47914","targetHints":{"allow":["GET"]}}],"collection":[{"href":"https:\/\/www.ifun.de\/apiv2\/wp\/v2\/posts"}],"about":[{"href":"https:\/\/www.ifun.de\/apiv2\/wp\/v2\/types\/post"}],"author":[{"embeddable":true,"href":"https:\/\/www.ifun.de\/apiv2\/wp\/v2\/users\/2"}],"replies":[{"embeddable":true,"href":"https:\/\/www.ifun.de\/apiv2\/wp\/v2\/comments?post=47914"}],"version-history":[{"count":2,"href":"https:\/\/www.ifun.de\/apiv2\/wp\/v2\/posts\/47914\/revisions"}],"predecessor-version":[{"id":55774,"href":"https:\/\/www.ifun.de\/apiv2\/wp\/v2\/posts\/47914\/revisions\/55774"}],"wp:attachment":[{"href":"https:\/\/www.ifun.de\/apiv2\/wp\/v2\/media?parent=47914"}],"wp:term":[{"taxonomy":"category","embeddable":true,"href":"https:\/\/www.ifun.de\/apiv2\/wp\/v2\/categories?post=47914"},{"taxonomy":"post_tag","embeddable":true,"href":"https:\/\/www.ifun.de\/apiv2\/wp\/v2\/tags?post=47914"}],"curies":[{"name":"wp","href":"https:\/\/api.w.org\/{rel}","templated":true}]}}