{"id":47902,"date":"2013-10-09T01:21:40","date_gmt":"2013-10-08T23:21:40","guid":{"rendered":"http:\/\/www.ifun.de\/?p=47902"},"modified":"2013-10-09T10:14:30","modified_gmt":"2013-10-09T08:14:30","slug":"ipad-event-am-22-oktober-laut-allthingsd","status":"publish","type":"post","link":"https:\/\/www.ifun.de\/ipad-event-am-22-oktober-laut-allthingsd-47902\/","title":{"rendered":"iPad Event angeblich am 22. Oktober"},"content":{"rendered":"<p><img loading=\"lazy\" decoding=\"async\" class=\"alignnone size-full wp-image-47903\" alt=\"Apple-Event\" src=\"http:\/\/images.ifun.de\/wp-content\/uploads\/2013\/10\/Apple-Event.jpg\" width=\"431\" height=\"255\" srcset=\"https:\/\/images.ifun.de\/wp-content\/uploads\/2013\/10\/Apple-Event.jpg 431w, https:\/\/images.ifun.de\/wp-content\/uploads\/2013\/10\/Apple-Event-300x177.jpg 300w\" sizes=\"auto, (max-width: 431px) 100vw, 431px\" \/><\/p>\n<p>Wie das Technikblog des Wall Street Journal <a href=\"http:\/\/allthingsd.com\/20131008\/apple-will-hold-fall-ipad-event-on-october-22\/\">AllThingsD<\/a> aus vertrauten Quellen erfahren haben will, wird das n\u00e4chste Apple Event am Dienstag, den 22. Oktober stattfinden. Im Mittelpunkt stehen demnach neue Generationen der iPads, aber auch der neue Mac Pro sowie Mac OS X Mavericks werden erwartet.<\/p>\n<blockquote><p>The focal point of the gathering will be the latest updates to the company\u2019s iPad line, but the new Mac Pro and OS X Mavericks will likely get some stage time as well, I\u2019m told.<\/p>\n<p>(<a href=\"https:\/\/twitter.com\/JohnPaczkowski\">John Paczkowski<\/a>, <a href=\"http:\/\/allthingsd.com\/20131008\/apple-will-hold-fall-ipad-event-on-october-22\/\">AllThingsD<\/a>)<\/p><\/blockquote>\n<p>Das iPad der 5. Generation soll erwartungsgem\u00e4\u00df d\u00fcnner und leichter werden sowie schmalere R\u00e4nder erhalten, \u00e4hnlich wie beim aktuellen iPad mini. Es wird den A7 Chip des iPhone 5S erhalten mit 64-bit Architektur. Das iPad mini der 2. Generation soll ein Retina Display spendiert bekommen. Als durchaus <a href=\"http:\/\/currenteditorials.com\/2013\/09\/11\/round-two-apples-october-event\/\">wahrscheinlich gilt<\/a> auch, dass der neue Fingerabdruck-Scanner &#8218;Touch ID&#8216; in den neuen iPads verbaut sein wird.<\/p>\n<p>Am gleichen Tag startet \u00fcbrigens Microsoft den Verkauf seiner Surface 2\/Pro Tablets und auch Nokia hat f\u00fcr diesen Termin eine Produktank\u00fcndigung geplant.<\/p>\n","protected":false},"excerpt":{"rendered":"<a href=\"https:\/\/www.ifun.de\/ipad-event-am-22-oktober-laut-allthingsd-47902\/\"><img width=\"150\" height=\"150\" src=\"https:\/\/images.ifun.de\/wp-content\/uploads\/2013\/10\/apple_event_featured-150x150.jpg\" class=\"alignright tfe wp-post-image\" alt=\"\" decoding=\"async\" loading=\"lazy\" \/><\/a><p>Wie das Technikblog des Wall Street Journal AllThingsD aus vertrauten Quellen erfahren haben will, wird das n\u00e4chste Apple Event am Dienstag, den 22. Oktober stattfinden. Im Mittelpunkt stehen demnach neue Generationen der iPads, aber auch der neue Mac Pro sowie Mac OS X Mavericks werden erwartet. The focal point of the gathering will be the [&hellip;]<\/p>\n","protected":false},"author":9,"featured_media":47904,"comment_status":"open","ping_status":"closed","sticky":false,"template":"","format":"standard","meta":{"_acf_changed":false,"footnotes":""},"categories":[3,1783],"tags":[4736,288,4740,342,1863,447],"class_list":["post-47902","post","type-post","status-publish","format-standard","has-post-thumbnail","hentry","category-apple","category-feature","tag-apple","tag-event","tag-ipad","tag-keynote","tag-mavericks","tag-osx"],"acf":[],"aioseo_notices":[],"featured_image":["http:\/\/images.ifun.de\/wp-content\/uploads\/2013\/10\/apple_event_featured.jpg"],"rest_api_enabler":{"featured_image":"http:\/\/images.ifun.de\/wp-content\/uploads\/2013\/10\/apple_event_featured.jpg"},"_links":{"self":[{"href":"https:\/\/www.ifun.de\/apiv2\/wp\/v2\/posts\/47902","targetHints":{"allow":["GET"]}}],"collection":[{"href":"https:\/\/www.ifun.de\/apiv2\/wp\/v2\/posts"}],"about":[{"href":"https:\/\/www.ifun.de\/apiv2\/wp\/v2\/types\/post"}],"author":[{"embeddable":true,"href":"https:\/\/www.ifun.de\/apiv2\/wp\/v2\/users\/9"}],"replies":[{"embeddable":true,"href":"https:\/\/www.ifun.de\/apiv2\/wp\/v2\/comments?post=47902"}],"version-history":[{"count":12,"href":"https:\/\/www.ifun.de\/apiv2\/wp\/v2\/posts\/47902\/revisions"}],"predecessor-version":[{"id":47911,"href":"https:\/\/www.ifun.de\/apiv2\/wp\/v2\/posts\/47902\/revisions\/47911"}],"wp:featuredmedia":[{"embeddable":true,"href":"https:\/\/www.ifun.de\/apiv2\/wp\/v2\/media\/47904"}],"wp:attachment":[{"href":"https:\/\/www.ifun.de\/apiv2\/wp\/v2\/media?parent=47902"}],"wp:term":[{"taxonomy":"category","embeddable":true,"href":"https:\/\/www.ifun.de\/apiv2\/wp\/v2\/categories?post=47902"},{"taxonomy":"post_tag","embeddable":true,"href":"https:\/\/www.ifun.de\/apiv2\/wp\/v2\/tags?post=47902"}],"curies":[{"name":"wp","href":"https:\/\/api.w.org\/{rel}","templated":true}]}}