{"id":47474,"date":"2013-10-02T11:48:00","date_gmt":"2013-10-02T09:48:00","guid":{"rendered":"http:\/\/www.ifun.de\/?p=47474"},"modified":"2013-10-02T11:48:13","modified_gmt":"2013-10-02T09:48:13","slug":"einstellung-von-tv-experten-schuert-neue-geruechte-um-apple-fernseher","status":"publish","type":"post","link":"https:\/\/www.ifun.de\/einstellung-von-tv-experten-schuert-neue-geruechte-um-apple-fernseher-47474\/","title":{"rendered":"Einstellung eines TV-Experten sch\u00fcrt neue Ger\u00fcchte um Apple-Fernseher"},"content":{"rendered":"<p>Die Tatsache, dass Apple mit Jean-Fran\u00e7ois Mul\u00e9 den Entwicklungschef der amerikanischen Forschungseinrichtung <a href=\"http:\/\/en.wikipedia.org\/wiki\/CableLabs\">CableLabs<\/a> abgeworben hat, sch\u00fcrt neue Ger\u00fcchte um einen Einstieg Apples in den Markt f\u00fcr TV-Ger\u00e4te. Mul\u00e9 selbst hat offenbar durch eine \u00c4nderung seines Profils auf <a href=\"http:\/\/www.linkedin.com\/profile\/view?id=161141\">Linkedin<\/a> auf seine neue Position hingewiesen und sich erfreut dar\u00fcber ge\u00e4u\u00dfert, nun mit neuen Herausforderungen Teil von \u201eetwas Gro\u00dfem\u201c zu sein. (via <a href=\"http:\/\/gigaom.com\/2013\/10\/01\/apple-hires-cable-tv-technology-exec-for-something-big\/\">Gigaom<\/a>)<\/p>\n<p><a href=\"http:\/\/images.ifun.de\/wp-content\/uploads\/2013\/10\/appletv-500.jpg\"><img loading=\"lazy\" decoding=\"async\" src=\"http:\/\/images.ifun.de\/wp-content\/uploads\/2013\/10\/appletv-500.jpg\" alt=\"appletv-500\" width=\"500\" height=\"307\" class=\"aligncenter size-full wp-image-47479\" srcset=\"https:\/\/images.ifun.de\/wp-content\/uploads\/2013\/10\/appletv-500.jpg 500w, https:\/\/images.ifun.de\/wp-content\/uploads\/2013\/10\/appletv-500-300x184.jpg 300w\" sizes=\"auto, (max-width: 500px) 100vw, 500px\" \/><\/a><\/p>\n<p>F\u00fcr uns stellt sich allerdings die Frage, ob man den Wechsel Mul\u00e9s zu Apple tats\u00e4chlich als Hinweis auf den immer wieder aufs Neue hoch gehaltenen \u201eApple-Fernseher\u201c sehen muss. Apples Engagement im TV-Bereich ist doch bereits in vollem Gange. Erst gestern durften sich deutsche Apple-TV-Besitzer <a href=\"http:\/\/www.ifun.de\/musikstreamingdienst-vevo-und-mehr-us-sport-fuer-apple-tv-vevo-auch-mit-ios-app-47365\/\">\u00fcber neue Kan\u00e4le freuen<\/a>, in den USA hat Apple im Laufe der letzten Wochen sogar mehrfach neue \u201eSender\u201c hinzugef\u00fcgt.<\/p>\n<p>Mul\u00e9 d\u00fcrfte keinen Bildschirm mit Apple-Logo ben\u00f6tigen, um seine Qualit\u00e4ten zur Geltung zu bringen. Apple TV entwickelt sich langsam aber sicher auch hierzulande zu einer ernst zu nehmenden und attraktiven Alternative zum Fernsehen \u00fcber Kabel und Satellit. Gebt der kleinen Kiste und den Verhandlungen Apples mit den Rechteinhaber noch ein wenig Zeit. Die j\u00fcngsten Erweiterungen wie auch Personalentscheidungen wie die Einstellungen Mul\u00e9s zeigen, dass die Set-Top-Box f\u00fcr Apple l\u00e4ngst mehr, als nur ein \u201eHobby\u201c ist.<\/p>\n","protected":false},"excerpt":{"rendered":"<a href=\"https:\/\/www.ifun.de\/einstellung-von-tv-experten-schuert-neue-geruechte-um-apple-fernseher-47474\/\"><img width=\"150\" height=\"150\" src=\"https:\/\/images.ifun.de\/wp-content\/uploads\/2013\/10\/apple-tv-header-150x150.jpg\" class=\"alignright tfe wp-post-image\" alt=\"\" decoding=\"async\" loading=\"lazy\" \/><\/a><p>Die Tatsache, dass Apple mit Jean-Fran\u00e7ois Mul\u00e9 den Entwicklungschef der amerikanischen Forschungseinrichtung CableLabs abgeworben hat, sch\u00fcrt neue Ger\u00fcchte um einen Einstieg Apples in den Markt f\u00fcr TV-Ger\u00e4te. Mul\u00e9 selbst hat offenbar durch eine \u00c4nderung seines Profils auf Linkedin auf seine neue Position hingewiesen und sich erfreut dar\u00fcber ge\u00e4u\u00dfert, nun mit neuen Herausforderungen Teil von \u201eetwas [&hellip;]<\/p>\n","protected":false},"author":2,"featured_media":47478,"comment_status":"open","ping_status":"closed","sticky":false,"template":"","format":"standard","meta":{"_acf_changed":false,"footnotes":""},"categories":[4],"tags":[26,621,60,31],"class_list":["post-47474","post","type-post","status-publish","format-standard","has-post-thumbnail","hentry","category-appletv","tag-apple-tv","tag-fernseher","tag-streaming","tag-video"],"acf":[],"aioseo_notices":[],"featured_image":["http:\/\/images.ifun.de\/wp-content\/uploads\/2013\/10\/apple-tv-header.jpg"],"rest_api_enabler":{"featured_image":"http:\/\/images.ifun.de\/wp-content\/uploads\/2013\/10\/apple-tv-header.jpg"},"_links":{"self":[{"href":"https:\/\/www.ifun.de\/apiv2\/wp\/v2\/posts\/47474","targetHints":{"allow":["GET"]}}],"collection":[{"href":"https:\/\/www.ifun.de\/apiv2\/wp\/v2\/posts"}],"about":[{"href":"https:\/\/www.ifun.de\/apiv2\/wp\/v2\/types\/post"}],"author":[{"embeddable":true,"href":"https:\/\/www.ifun.de\/apiv2\/wp\/v2\/users\/2"}],"replies":[{"embeddable":true,"href":"https:\/\/www.ifun.de\/apiv2\/wp\/v2\/comments?post=47474"}],"version-history":[{"count":7,"href":"https:\/\/www.ifun.de\/apiv2\/wp\/v2\/posts\/47474\/revisions"}],"predecessor-version":[{"id":47484,"href":"https:\/\/www.ifun.de\/apiv2\/wp\/v2\/posts\/47474\/revisions\/47484"}],"wp:featuredmedia":[{"embeddable":true,"href":"https:\/\/www.ifun.de\/apiv2\/wp\/v2\/media\/47478"}],"wp:attachment":[{"href":"https:\/\/www.ifun.de\/apiv2\/wp\/v2\/media?parent=47474"}],"wp:term":[{"taxonomy":"category","embeddable":true,"href":"https:\/\/www.ifun.de\/apiv2\/wp\/v2\/categories?post=47474"},{"taxonomy":"post_tag","embeddable":true,"href":"https:\/\/www.ifun.de\/apiv2\/wp\/v2\/tags?post=47474"}],"curies":[{"name":"wp","href":"https:\/\/api.w.org\/{rel}","templated":true}]}}