{"id":47266,"date":"2013-09-27T13:32:58","date_gmt":"2013-09-27T11:32:58","guid":{"rendered":"http:\/\/www.ifun.de\/?p=47266"},"modified":"2013-09-27T15:00:33","modified_gmt":"2013-09-27T13:00:33","slug":"fotos-zeigen-goldenes-ipad-mini-2-mit-touch-id","status":"publish","type":"post","link":"https:\/\/www.ifun.de\/fotos-zeigen-goldenes-ipad-mini-2-mit-touch-id-47266\/","title":{"rendered":"Foto zeigt goldenes iPad mini 2 mit Touch ID"},"content":{"rendered":"<p>Das iPad-Event steht in diesem Jahr noch in Apple Pflichtenheft und uns wohl innerhalb der n\u00e4chsten 30 Tage, vielleicht schon <a href=\"http:\/\/www.ifun.de\/munter-weiter-spekuliert-neue-ipads-angeblich-am-15-oktober-46571\/\">am 15. Oktober<\/a>, bevor. Fest steht: Cupertino wird sich das Weihnachtsgesch\u00e4ft nicht nehmen lassen und aller Voraussicht nach sowohl ein neues, <a href=\"http:\/\/www.ifun.de\/video-ipad-5-voraussichtlich-mit-15-cm-weniger-seitlichem-rand-45830\/\">schmales<\/a>, gro\u00dfes iPad als auch eine \u00fcberarbeitete Ausgabe des iPad mini anbieten. <\/p>\n<p>Farblich werden sich die Ger\u00e4te traditionell an den Geschmacksrichtungen der iPhone-Familie orientieren &#8211; die Spacegraue iPad-R\u00fcckseite hatten wir <a href=\"http:\/\/www.ifun.de\/videos-neue-ipads-auch-in-spacegrau-46921\/\">bereits in der Hand<\/a> &#8211; und d\u00fcrften wohl auch auf den Fingerabdruck-Sensor &#8222;Touch ID&#8220; setzen, den Apple im iPhone 5s integriert hat. <\/p>\n<p><a href=\"http:\/\/images.ifun.de\/wp-content\/uploads\/2013\/09\/kabel1.jpg\"><img loading=\"lazy\" decoding=\"async\" src=\"http:\/\/images.ifun.de\/wp-content\/uploads\/2013\/09\/kabel1.jpg\" alt=\"kabel\" width=\"700\" height=\"994\" class=\"aligncenter size-full wp-image-47269\" srcset=\"https:\/\/images.ifun.de\/wp-content\/uploads\/2013\/09\/kabel1.jpg 700w, https:\/\/images.ifun.de\/wp-content\/uploads\/2013\/09\/kabel1-211x300.jpg 211w\" sizes=\"auto, (max-width: 700px) 100vw, 700px\" \/><\/a><\/p>\n<p>Darauf deuten erste Bilder des asiatischen <a href=\"http:\/\/m.donews.com\/201309\/1952261.shtm\">Online-Portals Donews<\/a> hin. Diese zeigen das iPad mini 2 <a href=\"http:\/\/m.donews.com\/201309\/1952261.shtm\">hier<\/a> mit einer goldenen R\u00fcckseite und einem &#8222;Touch ID&#8220;-Modul auf der Ger\u00e4te-Front. Was jetzt noch fehlt ist ein Retina-Display. <\/p>\n<p>Dann &#8211; so der Tenor vieler Besitzer der 1. iPad mini Generation &#8211; k\u00f6nnte Apple die Produktion der gro\u00dfen iPad-Einheiten bis auf weiteres einstellen. <\/p>\n","protected":false},"excerpt":{"rendered":"<a href=\"https:\/\/www.ifun.de\/fotos-zeigen-goldenes-ipad-mini-2-mit-touch-id-47266\/\"><img width=\"150\" height=\"150\" src=\"https:\/\/images.ifun.de\/wp-content\/uploads\/2013\/09\/kabel1-150x150.jpg\" class=\"alignright tfe wp-post-image\" alt=\"\" decoding=\"async\" loading=\"lazy\" \/><\/a><p>Das iPad-Event steht in diesem Jahr noch in Apple Pflichtenheft und uns wohl innerhalb der n\u00e4chsten 30 Tage, vielleicht schon am 15. Oktober, bevor. Fest steht: Cupertino wird sich das Weihnachtsgesch\u00e4ft nicht nehmen lassen und aller Voraussicht nach sowohl ein neues, schmales, gro\u00dfes iPad als auch eine \u00fcberarbeitete Ausgabe des iPad mini anbieten. Farblich werden [&hellip;]<\/p>\n","protected":false},"author":1,"featured_media":47269,"comment_status":"open","ping_status":"closed","sticky":false,"template":"","format":"standard","meta":{"_acf_changed":false,"footnotes":""},"categories":[10,1783],"tags":[415,2037,4740,6322],"class_list":["post-47266","post","type-post","status-publish","format-standard","has-post-thumbnail","hentry","category-ipad","category-feature","tag-bilder","tag-gold","tag-ipad","tag-rumors"],"acf":[],"aioseo_notices":[],"featured_image":["http:\/\/images.ifun.de\/wp-content\/uploads\/2013\/09\/ipadtouch.jpg"],"rest_api_enabler":{"featured_image":"http:\/\/images.ifun.de\/wp-content\/uploads\/2013\/09\/ipadtouch.jpg"},"_links":{"self":[{"href":"https:\/\/www.ifun.de\/apiv2\/wp\/v2\/posts\/47266","targetHints":{"allow":["GET"]}}],"collection":[{"href":"https:\/\/www.ifun.de\/apiv2\/wp\/v2\/posts"}],"about":[{"href":"https:\/\/www.ifun.de\/apiv2\/wp\/v2\/types\/post"}],"author":[{"embeddable":true,"href":"https:\/\/www.ifun.de\/apiv2\/wp\/v2\/users\/1"}],"replies":[{"embeddable":true,"href":"https:\/\/www.ifun.de\/apiv2\/wp\/v2\/comments?post=47266"}],"version-history":[{"count":3,"href":"https:\/\/www.ifun.de\/apiv2\/wp\/v2\/posts\/47266\/revisions"}],"predecessor-version":[{"id":47273,"href":"https:\/\/www.ifun.de\/apiv2\/wp\/v2\/posts\/47266\/revisions\/47273"}],"wp:featuredmedia":[{"embeddable":true,"href":"https:\/\/www.ifun.de\/apiv2\/wp\/v2\/media\/47269"}],"wp:attachment":[{"href":"https:\/\/www.ifun.de\/apiv2\/wp\/v2\/media?parent=47266"}],"wp:term":[{"taxonomy":"category","embeddable":true,"href":"https:\/\/www.ifun.de\/apiv2\/wp\/v2\/categories?post=47266"},{"taxonomy":"post_tag","embeddable":true,"href":"https:\/\/www.ifun.de\/apiv2\/wp\/v2\/tags?post=47266"}],"curies":[{"name":"wp","href":"https:\/\/api.w.org\/{rel}","templated":true}]}}