{"id":47081,"date":"2013-09-25T09:40:05","date_gmt":"2013-09-25T07:40:05","guid":{"rendered":"http:\/\/www.ifun.de\/?p=47081"},"modified":"2013-09-25T09:59:41","modified_gmt":"2013-09-25T07:59:41","slug":"apple-store-oez-muenchen-betriebsbereit-neue-geruechte-aus-stuttgart","status":"publish","type":"post","link":"https:\/\/www.ifun.de\/apple-store-oez-muenchen-betriebsbereit-neue-geruechte-aus-stuttgart-47081\/","title":{"rendered":"Apple Store im OEZ M\u00fcnchen \u00f6ffnet am Samstag, neue Ger\u00fcchte aus Stuttgart"},"content":{"rendered":"<p><strong>UPDATE: Kaum hatten wir den Artikel online, kam schon die offizielle Best\u00e4tigung. Der <a href=\"http:\/\/www.apple.com\/de\/retail\/oez\/\">Apple Store im M\u00fcnchener OEZ<\/a> \u00f6ffnet am Samstag, 28. September um 9.30 Uhr.<\/strong><\/p>\n<p>Zum Verkaufsstart der neuen iPhones hat es nicht geklappt, aber jetzt ist der Er\u00f6ffnungstermin f\u00fcr den zweiten M\u00fcnchener Apple Store im <a href=\"http:\/\/www.olympia-einkaufszentrum.de\/\">Olympia-Einkaufszentrum<\/a> gesetzt. Am Samstag um 9.30 Uhr ist es soweit. F\u00fcr die ersten 1000 Besucher gibt es kostenlose T-Shirts.<\/p>\n<p><a href=\"http:\/\/images.ifun.de\/wp-content\/uploads\/2013\/09\/oez-500.jpg\"><img loading=\"lazy\" decoding=\"async\" src=\"http:\/\/images.ifun.de\/wp-content\/uploads\/2013\/09\/oez-500.jpg\" alt=\"oez-500\" width=\"500\" height=\"326\" class=\"aligncenter size-full wp-image-47084\" srcset=\"https:\/\/images.ifun.de\/wp-content\/uploads\/2013\/09\/oez-500.jpg 500w, https:\/\/images.ifun.de\/wp-content\/uploads\/2013\/09\/oez-500-300x195.jpg 300w\" sizes=\"auto, (max-width: 500px) 100vw, 500px\" \/><\/a><\/p>\n<p>Die <a href=\"http:\/\/www.ifun.de\/apple-store-aez-muenchen-eroeffnun-46444\/\">schwarze Holzverkleidung<\/a> vor der Fensterfront wurde inzwischen entfernt, der Blick ins Innere wird momentan noch durch schwarze T\u00fccher verh\u00fcllt. Auch das WLAN des dann zw\u00f6lften deutschen Apple Store funktioniert bereits und im Inneren herrscht reges Treiben. (Danke Karim)<\/p>\n<h2>Neue Ger\u00fcchte aus Stuttgart<\/h2>\n<p>Die Stuttgarter Zeitung h\u00e4lt derweil die Ger\u00fcchte um einen Apple Store im f\u00fcr Ende 2014 geplanten Einkaufszentrum \u201eMilaneo\u201c am k\u00f6cheln. Eine Managerin mit Einblick in die \u201estreng geheime Mieterliste\u201c wird mit den Worten \u201eDort soll wohl ein Apple Store einziehen\u201c zitiert. (Danke f\u00fcr eure Mails)<\/p>\n<p>Ob Apple tats\u00e4chlich im Milaneo einzieht bleibt weiter offen. Unabh\u00e4ngig davon halten wir eine gr\u00f6\u00dfere Stuttgarter Niederlassung etwas mehr in Zentrumsn\u00e4he weiter f\u00fcr wahrscheinlich. Apple sucht bereits seit mehreren Jahren nach einer geeigneten Lokalit\u00e4t im Bereich der Stuttgarter K\u00f6nigstra\u00dfe.<\/p>\n","protected":false},"excerpt":{"rendered":"<a href=\"https:\/\/www.ifun.de\/apple-store-oez-muenchen-betriebsbereit-neue-geruechte-aus-stuttgart-47081\/\"><img width=\"150\" height=\"150\" src=\"https:\/\/images.ifun.de\/wp-content\/uploads\/2013\/09\/oez-500-150x150.jpg\" class=\"alignright tfe wp-post-image\" alt=\"\" decoding=\"async\" loading=\"lazy\" \/><\/a><p>UPDATE: Kaum hatten wir den Artikel online, kam schon die offizielle Best\u00e4tigung. Der Apple Store im M\u00fcnchener OEZ \u00f6ffnet am Samstag, 28. September um 9.30 Uhr. Zum Verkaufsstart der neuen iPhones hat es nicht geklappt, aber jetzt ist der Er\u00f6ffnungstermin f\u00fcr den zweiten M\u00fcnchener Apple Store im Olympia-Einkaufszentrum gesetzt. Am Samstag um 9.30 Uhr ist [&hellip;]<\/p>\n","protected":false},"author":2,"featured_media":47084,"comment_status":"open","ping_status":"closed","sticky":false,"template":"","format":"standard","meta":{"_acf_changed":false,"footnotes":""},"categories":[3],"tags":[49,143,245],"class_list":["post-47081","post","type-post","status-publish","format-standard","has-post-thumbnail","hentry","category-apple","tag-apple-store","tag-munchen","tag-stuttgart"],"acf":[],"aioseo_notices":[],"featured_image":["http:\/\/images.ifun.de\/wp-content\/uploads\/2013\/09\/oez.jpg"],"rest_api_enabler":{"featured_image":"http:\/\/images.ifun.de\/wp-content\/uploads\/2013\/09\/oez.jpg"},"_links":{"self":[{"href":"https:\/\/www.ifun.de\/apiv2\/wp\/v2\/posts\/47081","targetHints":{"allow":["GET"]}}],"collection":[{"href":"https:\/\/www.ifun.de\/apiv2\/wp\/v2\/posts"}],"about":[{"href":"https:\/\/www.ifun.de\/apiv2\/wp\/v2\/types\/post"}],"author":[{"embeddable":true,"href":"https:\/\/www.ifun.de\/apiv2\/wp\/v2\/users\/2"}],"replies":[{"embeddable":true,"href":"https:\/\/www.ifun.de\/apiv2\/wp\/v2\/comments?post=47081"}],"version-history":[{"count":9,"href":"https:\/\/www.ifun.de\/apiv2\/wp\/v2\/posts\/47081\/revisions"}],"predecessor-version":[{"id":47099,"href":"https:\/\/www.ifun.de\/apiv2\/wp\/v2\/posts\/47081\/revisions\/47099"}],"wp:featuredmedia":[{"embeddable":true,"href":"https:\/\/www.ifun.de\/apiv2\/wp\/v2\/media\/47084"}],"wp:attachment":[{"href":"https:\/\/www.ifun.de\/apiv2\/wp\/v2\/media?parent=47081"}],"wp:term":[{"taxonomy":"category","embeddable":true,"href":"https:\/\/www.ifun.de\/apiv2\/wp\/v2\/categories?post=47081"},{"taxonomy":"post_tag","embeddable":true,"href":"https:\/\/www.ifun.de\/apiv2\/wp\/v2\/tags?post=47081"}],"curies":[{"name":"wp","href":"https:\/\/api.w.org\/{rel}","templated":true}]}}