{"id":47060,"date":"2013-09-25T08:58:26","date_gmt":"2013-09-25T06:58:26","guid":{"rendered":"http:\/\/www.ifun.de\/?p=47060"},"modified":"2013-09-25T09:47:11","modified_gmt":"2013-09-25T07:47:11","slug":"apple-veroeffentlicht-firmware-update-fuer-die-neuen-imacs","status":"publish","type":"post","link":"https:\/\/www.ifun.de\/apple-veroeffentlicht-firmware-update-fuer-die-neuen-imacs-47060\/","title":{"rendered":"Apple ver\u00f6ffentlicht Firmware-Update f\u00fcr die neuen iMacs"},"content":{"rendered":"<p>Wer sich gestern einen der <a href=\"http:\/\/www.ifun.de\/apple-bringt-schnellere-imacs-mit-802-11ac-wi-fi-neuer-grafik-und-besserem-flash-speicher-46984\/\">neuen iMacs<\/a> bestellt hat, kann sobald der Paketbote da war erstmal ein Update machen. Apple hat ein Firmware-Update f\u00fcr die neuen iMac-Modelle ver\u00f6ffentlicht.<\/p>\n<p><a href=\"http:\/\/images.ifun.de\/wp-content\/uploads\/2013\/09\/efi-update.gif\"><img loading=\"lazy\" decoding=\"async\" src=\"http:\/\/images.ifun.de\/wp-content\/uploads\/2013\/09\/efi-update.gif\" alt=\"efi-update\" width=\"487\" height=\"100\" class=\"aligncenter size-full wp-image-47061\" \/><\/a><\/p>\n<p>Die Aktualisierung wird f\u00fcr alle Modelle des iMac (Ende 2013) unbedingt empfohlen. Zum einen wird ein Fehler behoben, der f\u00fcr den Fall, dass w\u00e4hrend einer Windows-Installation \u00fcber Boot Camp gleichzeitig ein externes optisches Laufwerk und ein USB-Stick angeschlossen sind f\u00fcr einen schwarzen Bildschirm sorgt. Zudem wird durch die Aktualisierung sicher gestellt, dass der Mac nach einer Installation von Windows 8 standardm\u00e4\u00dfig mit Mac OS X startet.<\/p>\n<p>Das iMac (Ende 2013) EFI Update 2.1 l\u00e4sst sich hier bei Apple laden, f\u00fcr die Installation wird mindestens OS X Mountain Lion vorausgesetzt, was ja bei einem nagelneuen Mac kein Problem sein sollte.<\/p>\n","protected":false},"excerpt":{"rendered":"<a href=\"https:\/\/www.ifun.de\/apple-veroeffentlicht-firmware-update-fuer-die-neuen-imacs-47060\/\"><img width=\"150\" height=\"150\" src=\"https:\/\/images.ifun.de\/wp-content\/uploads\/2013\/09\/imac-150x150.jpg\" class=\"alignright tfe wp-post-image\" alt=\"\" decoding=\"async\" loading=\"lazy\" \/><\/a><p>Wer sich gestern einen der neuen iMacs bestellt hat, kann sobald der Paketbote da war erstmal ein Update machen. Apple hat ein Firmware-Update f\u00fcr die neuen iMac-Modelle ver\u00f6ffentlicht. Die Aktualisierung wird f\u00fcr alle Modelle des iMac (Ende 2013) unbedingt empfohlen. Zum einen wird ein Fehler behoben, der f\u00fcr den Fall, dass w\u00e4hrend einer Windows-Installation \u00fcber [&hellip;]<\/p>\n","protected":false},"author":2,"featured_media":46986,"comment_status":"open","ping_status":"closed","sticky":false,"template":"","format":"standard","meta":{"_acf_changed":false,"footnotes":""},"categories":[16],"tags":[393,6321,69],"class_list":["post-47060","post","type-post","status-publish","format-standard","has-post-thumbnail","hentry","category-mac","tag-imac","tag-mac","tag-update"],"acf":[],"aioseo_notices":[],"featured_image":["http:\/\/images.ifun.de\/wp-content\/uploads\/2013\/09\/imac-header.jpg"],"rest_api_enabler":{"featured_image":"http:\/\/images.ifun.de\/wp-content\/uploads\/2013\/09\/imac-header.jpg"},"_links":{"self":[{"href":"https:\/\/www.ifun.de\/apiv2\/wp\/v2\/posts\/47060","targetHints":{"allow":["GET"]}}],"collection":[{"href":"https:\/\/www.ifun.de\/apiv2\/wp\/v2\/posts"}],"about":[{"href":"https:\/\/www.ifun.de\/apiv2\/wp\/v2\/types\/post"}],"author":[{"embeddable":true,"href":"https:\/\/www.ifun.de\/apiv2\/wp\/v2\/users\/2"}],"replies":[{"embeddable":true,"href":"https:\/\/www.ifun.de\/apiv2\/wp\/v2\/comments?post=47060"}],"version-history":[{"count":3,"href":"https:\/\/www.ifun.de\/apiv2\/wp\/v2\/posts\/47060\/revisions"}],"predecessor-version":[{"id":47088,"href":"https:\/\/www.ifun.de\/apiv2\/wp\/v2\/posts\/47060\/revisions\/47088"}],"wp:featuredmedia":[{"embeddable":true,"href":"https:\/\/www.ifun.de\/apiv2\/wp\/v2\/media\/46986"}],"wp:attachment":[{"href":"https:\/\/www.ifun.de\/apiv2\/wp\/v2\/media?parent=47060"}],"wp:term":[{"taxonomy":"category","embeddable":true,"href":"https:\/\/www.ifun.de\/apiv2\/wp\/v2\/categories?post=47060"},{"taxonomy":"post_tag","embeddable":true,"href":"https:\/\/www.ifun.de\/apiv2\/wp\/v2\/tags?post=47060"}],"curies":[{"name":"wp","href":"https:\/\/api.w.org\/{rel}","templated":true}]}}