{"id":46893,"date":"2013-09-23T07:09:53","date_gmt":"2013-09-23T05:09:53","guid":{"rendered":"http:\/\/www.ifun.de\/?p=46893"},"modified":"2013-09-23T07:09:53","modified_gmt":"2013-09-23T05:09:53","slug":"apple-tv-software-6-0-macht-probleme","status":"publish","type":"post","link":"https:\/\/www.ifun.de\/apple-tv-software-6-0-macht-probleme-46893\/","title":{"rendered":"Apple TV Software 6.0 macht Probleme"},"content":{"rendered":"<p>Apple hat das am Freitag ver\u00f6ffentlichte <a href=\"http:\/\/www.ifun.de\/apple-tv-softwareupdate-bringt-itunes-store-zurueck-und-itunes-radio-fuer-us-accounts-46839\/\">Update f\u00fcr Apple TV<\/a> offenbar wieder zur\u00fcckgezogen. \u00dcbers Wochenende haben uns etliche E-Mails zu diesem Thema erreicht, die vergeblich nach dem Update auf Version 6.0 suchen und die Betriebssystemversion 5.3 als aktuell angezeigt bekommen.<\/p>\n<p>Grund daf\u00fcr d\u00fcrften verschiedene technische Probleme sein, mit denen sich ein Teil Anwender nach der Aktualisierung konfrontiert sind. So berichten uns Nutzer von Problemen beim Zugriff auf den Videostreamingdienst Watchever oder klagen \u00fcber allgemeine WLAN-Probleme. Teils verweigern die Ger\u00e4te nach dem Update offenbar sogar jede Funktion.<\/p>\n<p>Es ist damit zu rechnen, dass Apple in K\u00fcrze ein \u00dcberarbeite Version der Software beziehungsweise ein Fehlerbehebendes Update ver\u00f6ffentlicht. Falls euer Apple TV gar nicht mehr will, k\u00f6nnt ihr es zumindest einmal versuchen, durch <a href=\"http:\/\/support.apple.com\/kb\/HT4367?viewlocale=de_DE\">Wiederherstellung mit Anschluss an einen Computer<\/a> auf eine \u00e4ltere Version zur\u00fcckzusetzen.<\/p>\n","protected":false},"excerpt":{"rendered":"<a href=\"https:\/\/www.ifun.de\/apple-tv-software-6-0-macht-probleme-46893\/\"><img width=\"120\" height=\"58\" src=\"https:\/\/images.ifun.de\/wp-content\/uploads\/2013\/09\/atv_small1.jpg\" class=\"alignright tfe wp-post-image\" alt=\"\" decoding=\"async\" loading=\"lazy\" \/><\/a><p>Apple hat das am Freitag ver\u00f6ffentlichte Update f\u00fcr Apple TV offenbar wieder zur\u00fcckgezogen. \u00dcbers Wochenende haben uns etliche E-Mails zu diesem Thema erreicht, die vergeblich nach dem Update auf Version 6.0 suchen und die Betriebssystemversion 5.3 als aktuell angezeigt bekommen. Grund daf\u00fcr d\u00fcrften verschiedene technische Probleme sein, mit denen sich ein Teil Anwender nach der [&hellip;]<\/p>\n","protected":false},"author":2,"featured_media":46894,"comment_status":"open","ping_status":"closed","sticky":false,"template":"","format":"standard","meta":{"_acf_changed":false,"footnotes":""},"categories":[4],"tags":[26,391,69],"class_list":["post-46893","post","type-post","status-publish","format-standard","has-post-thumbnail","hentry","category-appletv","tag-apple-tv","tag-probleme","tag-update"],"acf":[],"aioseo_notices":[],"featured_image":["http:\/\/images.ifun.de\/wp-content\/uploads\/2013\/09\/atv-header1.jpg"],"rest_api_enabler":{"featured_image":"http:\/\/images.ifun.de\/wp-content\/uploads\/2013\/09\/atv-header1.jpg"},"_links":{"self":[{"href":"https:\/\/www.ifun.de\/apiv2\/wp\/v2\/posts\/46893","targetHints":{"allow":["GET"]}}],"collection":[{"href":"https:\/\/www.ifun.de\/apiv2\/wp\/v2\/posts"}],"about":[{"href":"https:\/\/www.ifun.de\/apiv2\/wp\/v2\/types\/post"}],"author":[{"embeddable":true,"href":"https:\/\/www.ifun.de\/apiv2\/wp\/v2\/users\/2"}],"replies":[{"embeddable":true,"href":"https:\/\/www.ifun.de\/apiv2\/wp\/v2\/comments?post=46893"}],"version-history":[{"count":1,"href":"https:\/\/www.ifun.de\/apiv2\/wp\/v2\/posts\/46893\/revisions"}],"predecessor-version":[{"id":46895,"href":"https:\/\/www.ifun.de\/apiv2\/wp\/v2\/posts\/46893\/revisions\/46895"}],"wp:featuredmedia":[{"embeddable":true,"href":"https:\/\/www.ifun.de\/apiv2\/wp\/v2\/media\/46894"}],"wp:attachment":[{"href":"https:\/\/www.ifun.de\/apiv2\/wp\/v2\/media?parent=46893"}],"wp:term":[{"taxonomy":"category","embeddable":true,"href":"https:\/\/www.ifun.de\/apiv2\/wp\/v2\/categories?post=46893"},{"taxonomy":"post_tag","embeddable":true,"href":"https:\/\/www.ifun.de\/apiv2\/wp\/v2\/tags?post=46893"}],"curies":[{"name":"wp","href":"https:\/\/api.w.org\/{rel}","templated":true}]}}