{"id":46481,"date":"2013-09-16T07:16:37","date_gmt":"2013-09-16T05:16:37","guid":{"rendered":"http:\/\/www.ifun.de\/?p=46481"},"modified":"2013-09-16T07:16:37","modified_gmt":"2013-09-16T05:16:37","slug":"ar-drone-stiehlt-bundeskanzlerin-die-show","status":"publish","type":"post","link":"https:\/\/www.ifun.de\/ar-drone-stiehlt-bundeskanzlerin-die-show-46481\/","title":{"rendered":"AR Drone stiehlt Bundeskanzlerin die Show"},"content":{"rendered":"<p>Und sie fliegen doch. Eine <a href=\"http:\/\/www.ifun.de\/?s=AR+Drone\">AR Drone<\/a> erbrachte am Wochenende auf einer Wahlkampfveranstaltung der CDU gegen\u00fcber Angela Merkel und dem mit Blick auf unbemannte Flugobjekte <a href=\"http:\/\/www.spiegel.de\/politik\/deutschland\/de-maiziere-gibt-seinen-vorgaengern-schuld-am-drohnen-desaster-a-914046.html\">leidgepr\u00fcften<\/a> Verteidigungsminister Thomas de Maizi\u00e8re den Beweis, dass nicht alle Drohnenprojekte scheitern m\u00fcssen. Das Fluggef\u00e4hrt schwebte direkt vor dem Rednerpult und sorgte vor\u00fcbergehend f\u00fcr Irritation und zugleich erstklassige Werbung f\u00fcr den Hersteller Parrot.<\/p>\n<p><div class=\"responsive-video\"><iframe loading=\"lazy\" width=\"500\" height=\"375\" src=\"\/\/www.youtube-nocookie.com\/embed\/GEmsQ0TzSXc?rel=0\" frameborder=\"0\" allowfullscreen><\/iframe><\/div><br \/>\n(<a href=\"http:\/\/youtu.be\/GEmsQ0TzSXc\">Direktlink zum Video<\/a>)<\/p>\n<p>Der Pilot der AR DRone wollte offenbar nur Fotos und Videos von der Veranstaltung machen und wurde von wohl Polizeibeamten dazu gezwungen, das Gef\u00e4hrt zu landen.<\/p>\n<p>Die mit iPhone oder iPad gesteuerte AR Drone wurde unl\u00e4ngst erst als \u201e<a href=\"http:\/\/www.ifun.de\/ar-drone-jetzt-mit-hochleistungsakkus-und-farbigen-propellern-46200\/\">Power Edition<\/a>\u201c vorgestellt und bringt es mit einer Akkuladung mittlerweile auf 18 Minuten Flugzeit. Dabei wird das Bild von zwei integrierten Kameras direkt auf das iOS-Ger\u00e4t \u00fcbertragen und es lassen sich Videos in HD-Qualit\u00e4t aufzeichnen (720p). Auf einem eigens eingerichteten <a href=\"https:\/\/www.youtube.com\/user\/ARdrone\">YouTube-Kanal<\/a> findet ihr jede Menge Flugvideos aus der ganzen Welt.<\/p>\n","protected":false},"excerpt":{"rendered":"<a href=\"https:\/\/www.ifun.de\/ar-drone-stiehlt-bundeskanzlerin-die-show-46481\/\"><img width=\"150\" height=\"150\" src=\"https:\/\/images.ifun.de\/wp-content\/uploads\/2013\/09\/drone-150x150.jpg\" class=\"alignright tfe wp-post-image\" alt=\"\" decoding=\"async\" loading=\"lazy\" \/><\/a><p>Und sie fliegen doch. Eine AR Drone erbrachte am Wochenende auf einer Wahlkampfveranstaltung der CDU gegen\u00fcber Angela Merkel und dem mit Blick auf unbemannte Flugobjekte leidgepr\u00fcften Verteidigungsminister Thomas de Maizi\u00e8re den Beweis, dass nicht alle Drohnenprojekte scheitern m\u00fcssen. Das Fluggef\u00e4hrt schwebte direkt vor dem Rednerpult und sorgte vor\u00fcbergehend f\u00fcr Irritation und zugleich erstklassige Werbung f\u00fcr [&hellip;]<\/p>\n","protected":false},"author":2,"featured_media":46483,"comment_status":"open","ping_status":"closed","sticky":false,"template":"","format":"standard","meta":{"_acf_changed":false,"footnotes":""},"categories":[20],"tags":[461,163,32],"class_list":["post-46481","post","type-post","status-publish","format-standard","has-post-thumbnail","hentry","category-videos","tag-ar-drone","tag-fun","tag-parrot"],"acf":[],"aioseo_notices":[],"featured_image":["http:\/\/images.ifun.de\/wp-content\/uploads\/2013\/09\/drone.jpg"],"rest_api_enabler":{"featured_image":"http:\/\/images.ifun.de\/wp-content\/uploads\/2013\/09\/drone.jpg"},"_links":{"self":[{"href":"https:\/\/www.ifun.de\/apiv2\/wp\/v2\/posts\/46481","targetHints":{"allow":["GET"]}}],"collection":[{"href":"https:\/\/www.ifun.de\/apiv2\/wp\/v2\/posts"}],"about":[{"href":"https:\/\/www.ifun.de\/apiv2\/wp\/v2\/types\/post"}],"author":[{"embeddable":true,"href":"https:\/\/www.ifun.de\/apiv2\/wp\/v2\/users\/2"}],"replies":[{"embeddable":true,"href":"https:\/\/www.ifun.de\/apiv2\/wp\/v2\/comments?post=46481"}],"version-history":[{"count":2,"href":"https:\/\/www.ifun.de\/apiv2\/wp\/v2\/posts\/46481\/revisions"}],"predecessor-version":[{"id":46484,"href":"https:\/\/www.ifun.de\/apiv2\/wp\/v2\/posts\/46481\/revisions\/46484"}],"wp:featuredmedia":[{"embeddable":true,"href":"https:\/\/www.ifun.de\/apiv2\/wp\/v2\/media\/46483"}],"wp:attachment":[{"href":"https:\/\/www.ifun.de\/apiv2\/wp\/v2\/media?parent=46481"}],"wp:term":[{"taxonomy":"category","embeddable":true,"href":"https:\/\/www.ifun.de\/apiv2\/wp\/v2\/categories?post=46481"},{"taxonomy":"post_tag","embeddable":true,"href":"https:\/\/www.ifun.de\/apiv2\/wp\/v2\/tags?post=46481"}],"curies":[{"name":"wp","href":"https:\/\/api.w.org\/{rel}","templated":true}]}}