{"id":46354,"date":"2013-09-12T09:25:08","date_gmt":"2013-09-12T07:25:08","guid":{"rendered":"http:\/\/www.ifun.de\/?p=46354"},"modified":"2013-09-12T09:25:08","modified_gmt":"2013-09-12T07:25:08","slug":"neues-apple-tv-angeblich-naechsten-monat","status":"publish","type":"post","link":"https:\/\/www.ifun.de\/neues-apple-tv-angeblich-naechsten-monat-46354\/","title":{"rendered":"Neues Apple TV angeblich n\u00e4chsten Monat"},"content":{"rendered":"<p><a href=\"http:\/\/www.ifun.de\/softwareupdate-fuer-apple-tv-zusammen-mit-ios-7-am-18-september-46324\/\">Gestern<\/a> hatten wir das kommende Softwareupdate f\u00fcr <a href=\"http:\/\/www.ifun.de\/apple-tv\/\">Apple TV<\/a> zum Thema. Neben iTunes Radio (zun\u00e4chst allerdings nicht in Deutschland) sollen die AirPlay-Funktionen von Apples Set-Top-Box erweitert werden. Nun gibt es erg\u00e4nzend Hinweise auf ein f\u00fcr n\u00e4chsten Monat anstehendes Hardware-Udpate.<\/p>\n<p><a href=\"http:\/\/images.ifun.de\/wp-content\/uploads\/2013\/09\/atv.jpg\"><img loading=\"lazy\" decoding=\"async\" src=\"http:\/\/images.ifun.de\/wp-content\/uploads\/2013\/09\/atv.jpg\" alt=\"atv\" width=\"500\" height=\"337\" class=\"aligncenter size-full wp-image-46356\" srcset=\"https:\/\/images.ifun.de\/wp-content\/uploads\/2013\/09\/atv.jpg 500w, https:\/\/images.ifun.de\/wp-content\/uploads\/2013\/09\/atv-300x202.jpg 300w\" sizes=\"auto, (max-width: 500px) 100vw, 500px\" \/><\/a><\/p>\n<p>Die neue Generation von Apple TV soll allen, die sich auf das anstehende Softwareupdate freuen noch ein ganzes St\u00fcck mehr Freude bereiten, <a href=\"https:\/\/twitter.com\/parislemon\/status\/377881760949743616\">twittert<\/a> der gew\u00f6hnlich \u00fcber ausgesprochen zuverl\u00e4ssige Quellen verf\u00fcgende US-Journalist MG Siegler.<\/p>\n<p>Eine Aktualisierung der Apple-TV-Hardware steht l\u00e4ngst an. Die Box wurde zuletzt vor anderthalb Jahren aktualisiert. Eine Neuvorstellung zusammen mit dem ebenfalls anstehenden iPad 5 im Oktober scheint zumindest nicht unwahrscheinlich. <a href=\"http:\/\/www.ifun.de\/apple-erhaelt-set-top-box-lieferungen-neues-apple-tv-im-anmarsch-45806\/\">Letzte Woche<\/a> konnten wir bereits \u00fcber angeblich in gr\u00f6\u00dferem Umfang erfolgte Lieferungen von auf den Einfuhrpapieren als \u201eSet Top Box\u201c deklarierten Ger\u00e4ten an Apple berichten. (via <a href=\"https:\/\/twitter.com\/parislemon\/status\/377881760949743616\">Mac Rumors<\/a>)<\/p>\n","protected":false},"excerpt":{"rendered":"<a href=\"https:\/\/www.ifun.de\/neues-apple-tv-angeblich-naechsten-monat-46354\/\"><img width=\"150\" height=\"150\" src=\"https:\/\/images.ifun.de\/wp-content\/uploads\/2013\/09\/atv-150x150.jpg\" class=\"alignright tfe wp-post-image\" alt=\"\" decoding=\"async\" loading=\"lazy\" \/><\/a><p>Gestern hatten wir das kommende Softwareupdate f\u00fcr Apple TV zum Thema. Neben iTunes Radio (zun\u00e4chst allerdings nicht in Deutschland) sollen die AirPlay-Funktionen von Apples Set-Top-Box erweitert werden. Nun gibt es erg\u00e4nzend Hinweise auf ein f\u00fcr n\u00e4chsten Monat anstehendes Hardware-Udpate. Die neue Generation von Apple TV soll allen, die sich auf das anstehende Softwareupdate freuen noch [&hellip;]<\/p>\n","protected":false},"author":2,"featured_media":46356,"comment_status":"open","ping_status":"closed","sticky":false,"template":"","format":"standard","meta":{"_acf_changed":false,"footnotes":""},"categories":[4],"tags":[26,3910],"class_list":["post-46354","post","type-post","status-publish","format-standard","has-post-thumbnail","hentry","category-appletv","tag-apple-tv","tag-geruechte"],"acf":[],"aioseo_notices":[],"featured_image":["http:\/\/images.ifun.de\/wp-content\/uploads\/2013\/09\/atv-header2.jpg"],"rest_api_enabler":{"featured_image":"http:\/\/images.ifun.de\/wp-content\/uploads\/2013\/09\/atv-header2.jpg"},"_links":{"self":[{"href":"https:\/\/www.ifun.de\/apiv2\/wp\/v2\/posts\/46354","targetHints":{"allow":["GET"]}}],"collection":[{"href":"https:\/\/www.ifun.de\/apiv2\/wp\/v2\/posts"}],"about":[{"href":"https:\/\/www.ifun.de\/apiv2\/wp\/v2\/types\/post"}],"author":[{"embeddable":true,"href":"https:\/\/www.ifun.de\/apiv2\/wp\/v2\/users\/2"}],"replies":[{"embeddable":true,"href":"https:\/\/www.ifun.de\/apiv2\/wp\/v2\/comments?post=46354"}],"version-history":[{"count":1,"href":"https:\/\/www.ifun.de\/apiv2\/wp\/v2\/posts\/46354\/revisions"}],"predecessor-version":[{"id":46357,"href":"https:\/\/www.ifun.de\/apiv2\/wp\/v2\/posts\/46354\/revisions\/46357"}],"wp:featuredmedia":[{"embeddable":true,"href":"https:\/\/www.ifun.de\/apiv2\/wp\/v2\/media\/46356"}],"wp:attachment":[{"href":"https:\/\/www.ifun.de\/apiv2\/wp\/v2\/media?parent=46354"}],"wp:term":[{"taxonomy":"category","embeddable":true,"href":"https:\/\/www.ifun.de\/apiv2\/wp\/v2\/categories?post=46354"},{"taxonomy":"post_tag","embeddable":true,"href":"https:\/\/www.ifun.de\/apiv2\/wp\/v2\/tags?post=46354"}],"curies":[{"name":"wp","href":"https:\/\/api.w.org\/{rel}","templated":true}]}}